{"id":1,"date":"2020-07-01T06:22:00","date_gmt":"2020-07-01T10:22:00","guid":{"rendered":"http:\/\/santateresadelosandes.org\/?p=1"},"modified":"2020-07-13T18:23:32","modified_gmt":"2020-07-13T22:23:32","slug":"1-resumen-y-division-de-mi-vida-anos-1900-1914","status":"publish","type":"post","link":"https:\/\/santateresadelosandes.org\/index.php\/2020\/07\/01\/1-resumen-y-division-de-mi-vida-anos-1900-1914\/","title":{"rendered":"1. Resumen y divisi\u00f3n de mi vida A\u00f1os 1900 &#8211; 1914"},"content":{"rendered":"\n<p>Madre querida: Ud. cree que se va a encontrar con una historia interesante. No quiero que se enga\u00f1e. La historia que Ud. va a leer no es la historia de mi vida, sino la vida \u00edntima de una pobre alma que, sin m\u00e9rito alguno de parte de ella, Jesucristo la quiso especialmente y la colm\u00f3 de beneficios y de gracias.<\/p>\n\n\n\n<p>La historia de mi alma se resume en dos palabras: \u00abSufrir y amar\u00bb. Aqu\u00ed tiene mi vida entera desde que me di cuenta de todo, es decir, a los seis a\u00f1os o antes. Yo sufr\u00eda, pero el buen Jes\u00fas me ense\u00f1\u00f3 a sufrir en silencio y desahogar en El mi pobre corazoncito. Usted comprende, Madre que el camino que me mostr\u00f3 Jes\u00fas desde peque\u00f1a, fue el que recorri\u00f3 y el que amo; y como El me quer\u00eda, busc\u00f3 para alimentar mi pobre alma el sufrimiento.<\/p>\n\n\n\n<p>Mi vida se divide en dos periodos: m\u00e1s o menos desde la edad de la raz\u00f3n hasta mi Primera Comuni\u00f3n. Jes\u00fas me colm\u00f3 de favores tanto en el primer per\u00edodo como en el segundo: desde mi primera comuni\u00f3n hasta ahora. O m\u00e1s bien ser&nbsp;hasta la entrada de mi alma en el puerto del Carmelo.<\/p>\n\n\n\n<p><\/p>\n","protected":false},"excerpt":{"rendered":"<p>Madre querida: Ud. cree que se va a encontrar con una historia interesante. No quiero que se enga\u00f1e. La historia que Ud. va a leer no es la historia de mi vida, sino la vida \u00edntima de una pobre alma que, sin m\u00e9rito alguno de parte de ella, Jesucristo la quiso especialmente y la colm\u00f3 [&hellip;]<\/p>\n","protected":false},"author":1,"featured_media":568,"comment_status":"closed","ping_status":"open","sticky":false,"template":"","format":"standard","meta":[],"categories":[8,2],"tags":[],"_links":{"self":[{"href":"https:\/\/santateresadelosandes.org\/index.php\/wp-json\/wp\/v2\/posts\/1"}],"collection":[{"href":"https:\/\/santateresadelosandes.org\/index.php\/wp-json\/wp\/v2\/posts"}],"about":[{"href":"https:\/\/santateresadelosandes.org\/index.php\/wp-json\/wp\/v2\/types\/post"}],"author":[{"embeddable":true,"href":"https:\/\/santateresadelosandes.org\/index.php\/wp-json\/wp\/v2\/users\/1"}],"replies":[{"embeddable":true,"href":"https:\/\/santateresadelosandes.org\/index.php\/wp-json\/wp\/v2\/comments?post=1"}],"version-history":[{"count":1,"href":"https:\/\/santateresadelosandes.org\/index.php\/wp-json\/wp\/v2\/posts\/1\/revisions"}],"predecessor-version":[{"id":23,"href":"https:\/\/santateresadelosandes.org\/index.php\/wp-json\/wp\/v2\/posts\/1\/revisions\/23"}],"wp:featuredmedia":[{"embeddable":true,"href":"https:\/\/santateresadelosandes.org\/index.php\/wp-json\/wp\/v2\/media\/568"}],"wp:attachment":[{"href":"https:\/\/santateresadelosandes.org\/index.php\/wp-json\/wp\/v2\/media?parent=1"}],"wp:term":[{"taxonomy":"category","embeddable":true,"href":"https:\/\/santateresadelosandes.org\/index.php\/wp-json\/wp\/v2\/categories?post=1"},{"taxonomy":"post_tag","embeddable":true,"href":"https:\/\/santateresadelosandes.org\/index.php\/wp-json\/wp\/v2\/tags?post=1"}],"curies":[{"name":"wp","href":"https:\/\/api.w.org\/{rel}","templated":true}]}}