{"id":1049,"date":"2020-07-01T14:02:37","date_gmt":"2020-07-01T18:02:37","guid":{"rendered":"https:\/\/santateresadelosandes.org\/?p=1049"},"modified":"2021-10-22T10:06:24","modified_gmt":"2021-10-22T14:06:24","slug":"33-maria-es-mi-madre-y-mi-todo-vocacion-para-carmelita-dos-cartas-del-carmen","status":"publish","type":"post","link":"https:\/\/santateresadelosandes.org\/index.php\/2020\/07\/01\/33-maria-es-mi-madre-y-mi-todo-vocacion-para-carmelita-dos-cartas-del-carmen\/","title":{"rendered":"33. Mar\u00eda es mi Madre y mi todo. Vocaci\u00f3n para Carmelita. Dos cartas del Carmen"},"content":{"rendered":"<p>Septiembre 7 [1917]. Hoy, viernes 1\u00b0, no pude comulgar porque amaneci\u00f3 lloviendo y me dejaron en cama. Qu\u00e9 pena he tenido. Sin embargo, he hablado con mi Jes\u00fas. Ojal\u00e1 que ma\u00f1ana pueda comulgar, d\u00eda de la Natividad de mi Madre. Ya que no he podido ofrecerle muchos actos a mi Mari\u00edta, voy a principiar un novenario; pero no s\u00e9 c\u00f3mo hacerlo, pues, como estoy enferma me doy gusto en la comida y en casi todo; pero desde ma\u00f1ana principiar\u00e9 a festejar a mi ni\u00f1ita Mar\u00eda, porque es mi Madre y mi todo despu\u00e9s de Jes\u00fas. Adem\u00e1s, renovar\u00e9 el voto hasta el ocho de diciembre.<\/p>\n<p>Septiembre 11 [1917]. Como era el aniversario de mi Primera Comuni\u00f3n fui a comulgar. \u00a1Qu\u00e9 ideal! Hace siete a\u00f1os se uni\u00f3 mi alma con Jes\u00fas. \u00a1Qu\u00e9 efusi\u00f3n fue ese primer encuentro! Jes\u00fas por primera vez habl\u00f3 a mi alma. Qu\u00e9 dulce era para m\u00ed aquella melod\u00eda que por primera vez o\u00eda.<br \/>\nHoy me fui a confesar. Habl\u00e9 largamente con el padre acerca de mi vocaci\u00f3n. Me dijo que \u00e9l ve\u00eda que, por ahora, ten\u00eda verdadera vocaci\u00f3n para carmelita. Que Jes\u00fas me la pod\u00eda dar permanentemente, es decir, para siempre, y que pudiera entrar al Carmen; y pasajera o moment\u00e1nea para librarme por ahora de todos los males de cuerpo y alma. Tambi\u00e9n, que pod\u00eda ser verdadera mi vocaci\u00f3n, que la pudiera seguir si Dios me daba las cualidades necesarias.<br \/>\nY tambi\u00e9n pod\u00eda ser carmelita espiritualmente, es decir, que teniendo el esp\u00edritu carmelitano, pod\u00eda en mi casa seguir una regla de vida como las carmelitas levant\u00e1ndome a tal hora, y teniendo una hora de meditaci\u00f3n y despu\u00e9s ir a misa, comulgar y venirme a mi casa y ponerme a trabajar estando todo el d\u00eda en la presencia de Dios, y teniendo en la tarde otra hora de meditaci\u00f3n y acostarme a una hora fija y visitar lo menos posible. Que le contestara, me dijo, despu\u00e9s de reflexionar, si me gustaba esto. Despu\u00e9s me dijo que siempre me mirara en el espejo de mi alma; que cuando no pudiera meditar, conjugara el verbo amar como sigue:<\/p>\n<p>Yo \u00bfamo a Dios o amo las vanidades?<br \/>\nT\u00fa, alma, \u00bfte amas desordenadamente a ti misma?<br \/>\n\u00c9l (Jes\u00fas) me ama con amor eterno.<br \/>\nNosotros nos amamos en Dios.<br \/>\nVosotros os am\u00e1is desordenadamente;<br \/>\nEllos aman sus pasiones y no aman a Cristo crucificado,<br \/>\nYo am\u00e9 a Jes\u00fas desde chica, etc.;<br \/>\nYo amar\u00e9, con la misericordia de Dios, hasta la muerte a Jes\u00fas, y a \u00e9se Crucificado.<\/p>\n<p>Me dijo que, cuando estuviera muy desconsolada y me sintiera sin \u00e1nimo, primero buscara consuelo en Dios y, si \u00c9l no me lo daba, lo buscara un poco en una persona digna de confianza que me llevara a Dios. Que viviera crucificada, pues Jes\u00fas quer\u00eda que fuera su Cireneo. Que \u00c9l me daba una astillita de su cruz, que la recibiera con gusto y que tratara de no abatirme. Que viviera m\u00e1s que nunca en la presencia de Dios. Que me uniera a \u00c9l. Que hiciera una media hora de meditaci\u00f3n y que, cuando estuviera con gente, tomara un libro y leyera y meditara al mismo tiempo. Que me cuidara mucho. Me prohibi\u00f3 toda mortificaci\u00f3n. Que, cuando me sintiera cansada, no hiciera mucho esfuerzo para meditar. Que me contentara con jaculatorias y actos de amor.<\/p>\n<p>13. Ayer vine a ver a la Rebeca y la Madre Izquierdo consigui\u00f3 que me dejaran. Yo estaba feliz pues ten\u00eda ansias de venirme al colegio; as\u00ed es que fue muy divertido, pues me tuve que cambiar traje y de todo. Yo no s\u00e9 lo que me pasa. Es una tristeza interior tan grande que me siento como aislada de todo el mundo. Me aburre todo y me cansa todo. En fin, ayer, gracias a Dios, pude meditar y sent\u00ed devoci\u00f3n y amor, lo que hace mucho tiempo [no] me daba el Se\u00f1or ni aun en la Comuni\u00f3n. En fin, estos dos meses de sufrimiento son dos meses de Cielo, pues aunque no me he unido mucho a mi Jes\u00fas a causa de mi tibieza, sin embargo, todo se lo he ofrecido a \u00c9l y le he pedido me diera su cruz.<br \/>\nMe pidi\u00f3 mucho mi Jes\u00fas -lo mismo mi Madre- los imitara en el eclipsamiento de la persona, es decir, que viviera muy oculta, s\u00f3lo para \u00c9l. Que no manifestara mis sentimientos a nadie sino a mi confesor. As\u00ed lo har\u00e9 con la ayuda de Dios. Saqu\u00e9 ayer como resoluci\u00f3n la de vivir hoy muy alegre exteriormente.<\/p>\n<p>14. Cumpl\u00ed mi resoluci\u00f3n de ayer. Fui a donde la M. Izquierdo. Me recomend\u00f3 que hiciese todo por amor. Que buscase no los consuelos de Dios sino al Dios de los consuelos y que viviera al d\u00eda.<br \/>\nMe contestaron las dos Madres carmelitas en unas cartas ideales. La de Los Andes me envi\u00f3 una fotograf\u00eda de la Virgen en oraci\u00f3n y una medallita del Carmen y del profeta El\u00edas.<\/p>\n<p>&nbsp;<\/p>\n","protected":false},"excerpt":{"rendered":"<p>Septiembre 7 [1917]. Hoy, viernes 1\u00b0, no pude comulgar porque amaneci\u00f3 lloviendo y me dejaron en cama. Qu\u00e9 pena he tenido. Sin embargo, he hablado con mi Jes\u00fas. Ojal\u00e1 que ma\u00f1ana pueda comulgar, d\u00eda de la Natividad de mi Madre. Ya que no he podido ofrecerle muchos actos a mi Mari\u00edta, voy a principiar un [&hellip;]<\/p>\n","protected":false},"author":1,"featured_media":0,"comment_status":"closed","ping_status":"closed","sticky":false,"template":"","format":"standard","meta":[],"categories":[11,2],"tags":[],"_links":{"self":[{"href":"https:\/\/santateresadelosandes.org\/index.php\/wp-json\/wp\/v2\/posts\/1049"}],"collection":[{"href":"https:\/\/santateresadelosandes.org\/index.php\/wp-json\/wp\/v2\/posts"}],"about":[{"href":"https:\/\/santateresadelosandes.org\/index.php\/wp-json\/wp\/v2\/types\/post"}],"author":[{"embeddable":true,"href":"https:\/\/santateresadelosandes.org\/index.php\/wp-json\/wp\/v2\/users\/1"}],"replies":[{"embeddable":true,"href":"https:\/\/santateresadelosandes.org\/index.php\/wp-json\/wp\/v2\/comments?post=1049"}],"version-history":[{"count":7,"href":"https:\/\/santateresadelosandes.org\/index.php\/wp-json\/wp\/v2\/posts\/1049\/revisions"}],"predecessor-version":[{"id":1105,"href":"https:\/\/santateresadelosandes.org\/index.php\/wp-json\/wp\/v2\/posts\/1049\/revisions\/1105"}],"wp:attachment":[{"href":"https:\/\/santateresadelosandes.org\/index.php\/wp-json\/wp\/v2\/media?parent=1049"}],"wp:term":[{"taxonomy":"category","embeddable":true,"href":"https:\/\/santateresadelosandes.org\/index.php\/wp-json\/wp\/v2\/categories?post=1049"},{"taxonomy":"post_tag","embeddable":true,"href":"https:\/\/santateresadelosandes.org\/index.php\/wp-json\/wp\/v2\/tags?post=1049"}],"curies":[{"name":"wp","href":"https:\/\/api.w.org\/{rel}","templated":true}]}}