{"id":1055,"date":"2020-07-01T14:05:34","date_gmt":"2020-07-01T18:05:34","guid":{"rendered":"https:\/\/santateresadelosandes.org\/?p=1055"},"modified":"2021-10-22T10:24:46","modified_gmt":"2021-10-22T14:24:46","slug":"36-cuando-sere-carmelita-todo-con-maria","status":"publish","type":"post","link":"https:\/\/santateresadelosandes.org\/index.php\/2020\/07\/01\/36-cuando-sere-carmelita-todo-con-maria\/","title":{"rendered":"36. \u00a1Cu\u00e1ndo ser\u00e9 carmelita! Todo con Mar\u00eda"},"content":{"rendered":"<p>Octubre 31 [1917]. Tengo pena, pues siempre que le pido plata a mi pap\u00e1, me dice que no tiene. \u00bfQu\u00e9 ir\u00e9 a hacer cuando me tenga que dar la dote para ser carmelita? \u00a1Ah, Jes\u00fas querido! Yo creo que no va a querer dejarme ir. Veo tanta hostilidad contra ellas. Jes\u00fas m\u00edo, conf\u00edo en Ti. Eres Todopoderoso. Ven a robarme y que sea pronto, muy pronto y para siempre. Ma\u00f1ana est\u00e1 de fiesta el Cielo. Mi alma es un cielo, pues en ella est\u00e1 Jes\u00fas; luego ma\u00f1ana es mi fiesta. Voy a cantar todo el d\u00eda. Ser\u00e9 alabanza de gloria para mi Dios.<br \/>\nNoviembre 1o. He pasado todo el d\u00eda con un dolor atroz al est\u00f3mago. En fin, que se haga la voluntad de Dios. La meditaci\u00f3n y la acci\u00f3n de gracias ni supe c\u00f3mo las hice, pues ya me ca\u00eda con las fatigas que ten\u00eda. Dios me dispensar\u00e1. Hoy rezamos el oficio de difuntos. Es tan lindo. Me encantaba lo que entend\u00eda. \u00a1Cu\u00e1ndo ser\u00e9 carmelita para cantar diariamente las alabanzas del Se\u00f1or!<\/p>\n<p>Noviembre 2 [1917]. Me fui a confesar. \u00a1C\u00f3mo me comunica paz Dios por este Sacramento! S\u00ed. Me siento [con] \u00e1nimo ahora para sufrir por mi Jes\u00fas. Le dije que si quer\u00eda que cambiase el examen particular. Me dijo que lo hiciera sobre la devoci\u00f3n a la Virgen. La primera semana, que meditara en la grandeza de Mar\u00eda. La segunda, en la bondad de su coraz\u00f3n. La tercera, en el amor maternal de su coraz\u00f3n. La cuarta, c\u00f3mo la debo honrar, amar y poner toda mi confianza en Ella. Me dijo que todo se lo diera a Mar\u00eda para que ella se lo presentase a Jes\u00fas. Me dijo que deb\u00eda hacer lo posible para vivir sin el consuelo y los gustos en la oraci\u00f3n. Que todo lo deb\u00eda hacer lo mismo, aunque no encontrara gusto; que me resignara a vivir as\u00ed. Me dio permiso para ponerme un cordel con nudos.<br \/>\nEstoy enferma. No puedo comer nada. Ayuno. Estoy feliz. Qu\u00e9 bueno es mi Jes\u00fas que me da su Cruz. Soy feliz. As\u00ed le demuestro mi amor. Adem\u00e1s, los zapatos me lastiman. No me quejar\u00e9 para ofrec\u00e9rselo a la Virgen. Estoy sola. No comulgo, pero estoy en la cruz y en ella est\u00e1 Jesusito. Vivo, pues, en permanente comuni\u00f3n. Jes\u00fas, te doy gracias por la cruz. C\u00e1rgala m\u00e1s, pero dame fuerza, amor. S\u00e9 que soy indigna de sufrir, Jes\u00fas, contigo. Perd\u00f3name mis ingratitudes. Api\u00e1date de los pecadores. Santifica a los sacerdotes.<\/p>\n","protected":false},"excerpt":{"rendered":"<p>Octubre 31 [1917]. Tengo pena, pues siempre que le pido plata a mi pap\u00e1, me dice que no tiene. \u00bfQu\u00e9 ir\u00e9 a hacer cuando me tenga que dar la dote para ser carmelita? \u00a1Ah, Jes\u00fas querido! Yo creo que no va a querer dejarme ir. Veo tanta hostilidad contra ellas. Jes\u00fas m\u00edo, conf\u00edo en Ti. [&hellip;]<\/p>\n","protected":false},"author":1,"featured_media":0,"comment_status":"closed","ping_status":"closed","sticky":false,"template":"","format":"standard","meta":[],"categories":[11,2],"tags":[],"_links":{"self":[{"href":"https:\/\/santateresadelosandes.org\/index.php\/wp-json\/wp\/v2\/posts\/1055"}],"collection":[{"href":"https:\/\/santateresadelosandes.org\/index.php\/wp-json\/wp\/v2\/posts"}],"about":[{"href":"https:\/\/santateresadelosandes.org\/index.php\/wp-json\/wp\/v2\/types\/post"}],"author":[{"embeddable":true,"href":"https:\/\/santateresadelosandes.org\/index.php\/wp-json\/wp\/v2\/users\/1"}],"replies":[{"embeddable":true,"href":"https:\/\/santateresadelosandes.org\/index.php\/wp-json\/wp\/v2\/comments?post=1055"}],"version-history":[{"count":5,"href":"https:\/\/santateresadelosandes.org\/index.php\/wp-json\/wp\/v2\/posts\/1055\/revisions"}],"predecessor-version":[{"id":1109,"href":"https:\/\/santateresadelosandes.org\/index.php\/wp-json\/wp\/v2\/posts\/1055\/revisions\/1109"}],"wp:attachment":[{"href":"https:\/\/santateresadelosandes.org\/index.php\/wp-json\/wp\/v2\/media?parent=1055"}],"wp:term":[{"taxonomy":"category","embeddable":true,"href":"https:\/\/santateresadelosandes.org\/index.php\/wp-json\/wp\/v2\/categories?post=1055"},{"taxonomy":"post_tag","embeddable":true,"href":"https:\/\/santateresadelosandes.org\/index.php\/wp-json\/wp\/v2\/tags?post=1055"}],"curies":[{"name":"wp","href":"https:\/\/api.w.org\/{rel}","templated":true}]}}