{"id":136,"date":"2020-07-01T16:57:05","date_gmt":"2020-07-01T20:57:05","guid":{"rendered":"http:\/\/santateresadelosandes.org\/?p=136"},"modified":"2020-07-13T18:22:32","modified_gmt":"2020-07-13T22:22:32","slug":"02-a-su-padre-15-de-enero-de-1913","status":"publish","type":"post","link":"https:\/\/santateresadelosandes.org\/index.php\/2020\/07\/01\/02-a-su-padre-15-de-enero-de-1913\/","title":{"rendered":"02. A su padre 15 de enero de 1913"},"content":{"rendered":"\n<p>Recreo, 15 de enero de 1913<\/p>\n\n\n\n<p>Se\u00f1or Miguel Fern\u00e1ndez Jara Querido papacito:<\/p>\n\n\n\n<p>No he querido dejar pasar m\u00e1s tiempo sin escribirle, pues me acuerdo mucho de Ud.<\/p>\n\n\n\n<p>Lo paso bien. S\u00f3lo la Rebeca est\u00e1 enferma de la garganta. La tiene hinchada, pero no tiene manchas. Mi mam\u00e1 la dej\u00f3 en cama para que no le siguiera. Ignacito le manda saludar con un besito.<\/p>\n\n\n\n<p>Me [he] ba\u00f1ado dos veces y he ido a Valpara\u00edso y a Vi\u00f1a.<\/p>\n\n\n\n<p>No se extra\u00f1e que le escriba en este papel, pues no hay bloc. D\u00edgale a Lucho que me escriba. Todos lo mandan saludar. A Miguel no le ha llegado el caballo.<\/p>\n\n\n\n<p>Con saludos para todos; mi abrazo a Lucho, y Ud. reciba papacito, los afectos sinceros de su hija<\/p>\n\n\n\n<p>Juana Fern\u00e1ndez S.<\/p>\n","protected":false},"excerpt":{"rendered":"<p>Recreo, 15 de enero de 1913 Se\u00f1or Miguel Fern\u00e1ndez Jara Querido papacito: No he querido dejar pasar m\u00e1s tiempo sin escribirle, pues me acuerdo mucho de Ud. Lo paso bien. S\u00f3lo la Rebeca est\u00e1 enferma de la garganta. La tiene hinchada, pero no tiene manchas. Mi mam\u00e1 la dej\u00f3 en cama para que no le [&hellip;]<\/p>\n","protected":false},"author":1,"featured_media":581,"comment_status":"closed","ping_status":"open","sticky":false,"template":"","format":"standard","meta":[],"categories":[4,7],"tags":[],"_links":{"self":[{"href":"https:\/\/santateresadelosandes.org\/index.php\/wp-json\/wp\/v2\/posts\/136"}],"collection":[{"href":"https:\/\/santateresadelosandes.org\/index.php\/wp-json\/wp\/v2\/posts"}],"about":[{"href":"https:\/\/santateresadelosandes.org\/index.php\/wp-json\/wp\/v2\/types\/post"}],"author":[{"embeddable":true,"href":"https:\/\/santateresadelosandes.org\/index.php\/wp-json\/wp\/v2\/users\/1"}],"replies":[{"embeddable":true,"href":"https:\/\/santateresadelosandes.org\/index.php\/wp-json\/wp\/v2\/comments?post=136"}],"version-history":[{"count":1,"href":"https:\/\/santateresadelosandes.org\/index.php\/wp-json\/wp\/v2\/posts\/136\/revisions"}],"predecessor-version":[{"id":137,"href":"https:\/\/santateresadelosandes.org\/index.php\/wp-json\/wp\/v2\/posts\/136\/revisions\/137"}],"wp:featuredmedia":[{"embeddable":true,"href":"https:\/\/santateresadelosandes.org\/index.php\/wp-json\/wp\/v2\/media\/581"}],"wp:attachment":[{"href":"https:\/\/santateresadelosandes.org\/index.php\/wp-json\/wp\/v2\/media?parent=136"}],"wp:term":[{"taxonomy":"category","embeddable":true,"href":"https:\/\/santateresadelosandes.org\/index.php\/wp-json\/wp\/v2\/categories?post=136"},{"taxonomy":"post_tag","embeddable":true,"href":"https:\/\/santateresadelosandes.org\/index.php\/wp-json\/wp\/v2\/tags?post=136"}],"curies":[{"name":"wp","href":"https:\/\/api.w.org\/{rel}","templated":true}]}}