{"id":144,"date":"2020-07-01T17:00:59","date_gmt":"2020-07-01T21:00:59","guid":{"rendered":"http:\/\/santateresadelosandes.org\/?p=144"},"modified":"2020-07-13T18:22:32","modified_gmt":"2020-07-13T22:22:32","slug":"06-a-carmen-de-castro-ortuzar-3-de-marzo-de-1916","status":"publish","type":"post","link":"https:\/\/santateresadelosandes.org\/index.php\/2020\/07\/01\/06-a-carmen-de-castro-ortuzar-3-de-marzo-de-1916\/","title":{"rendered":"06. A Carmen de Castro Ort\u00fazar 3 de marzo de 1916"},"content":{"rendered":"\n<p>Se\u00f1orita Carmen De Castro Ort\u00fazar&nbsp;<\/p>\n\n\n\n<p>Mi encantadora Carmenchita:&nbsp;<\/p>\n\n\n\n<p>Yo cre\u00ed que te hab\u00edas olvidado ya de m\u00ed, y no esperaba carta, cuando me lleg\u00f3 tu cartita ideal.&nbsp;<\/p>\n\n\n\n<p>No s\u00e9 por qu\u00e9 empezar, porque tengo que contarte muchas cosas. Te dir\u00e9 que faltan 7 d\u00edas \u00bfno piensas? S\u00f3lo 7 d\u00edas para estar en ese calabozo. Se me hiela la sangre s\u00f3lo de pensarlo. Le escrib\u00ed a la Madre R\u00edos, \u00bfqu\u00e9 te parece? \u00bfTe contest\u00f3 la Popa?&nbsp;<\/p>\n\n\n\n<p>Ya se acabaron las misiones, que fueron preciosas. Vinieron los Padres del Coraz\u00f3n de Mar\u00eda. Predicaban muy bien y son muy divertidos. Todos los d\u00edas hicimos catecismo a 60 ni\u00f1os, 24 de los cuales hicieron la Primera Comuni\u00f3n. Comulgaron 619 personas. Se confirmaron 70 y hubo un matrimonio. \u00bfQu\u00e9 te parece? El domingo, \u00faltimo d\u00eda de la misi\u00f3n, tuvimos una procesi\u00f3n con el Sant\u00edsimo. Por todas partes donde deb\u00eda pasar el Sant\u00edsimo los huasos hab\u00edan arreglado arcos. Hab\u00eda 3 altares, dos arreglados por ellos mismos y el otro por nosotras. A las 5 principi\u00f3 la procesi\u00f3n y termin\u00f3 a las 8 con pl\u00e1tica y todo. Fue muy bonita y conmovedora .&nbsp;<\/p>\n\n\n\n<p>Estoy apurada con los temas de las vacaciones que nos dieron, pues son muy largos. \u00bfT\u00fa [los] has hecho? \u00a1C\u00f3mo lo estar\u00e1s pasando de bien cuando est\u00e1s tan entusiasmada! \u00bfY la In\u00e9s? \u00bfC\u00f3mo le va con Lira? Y las Salas \u00bfpololean mucho? \u00bfHas visto a la Meche Mena? Yo le escrib\u00ed al mismo tiempo que a ti, pero no s\u00e9 si le ha llegado la carta, porque no me ha contestado.&nbsp;<\/p>\n\n\n\n<p>El otro d\u00eda so\u00f1\u00e9 que est\u00e1bamos internas las tres, es decir, t\u00fa, la Meche y yo, y que est\u00e1bamos felices, y que jug\u00e1bamos en el recreo de la noche todo el tiempo solas. \u00a1Qu\u00e9 l\u00e1stima que ha sido sue\u00f1o! Ser\u00eda feliz si t\u00fa estuvieras. \u00bfPor qu\u00e9 no te entusiasmas, linda? Ya veo que estar\u00edamos juntas en todas partes.&nbsp;<\/p>\n\n\n\n<p>Pero son sue\u00f1os que nunca tendr\u00e1n realizaci\u00f3n, y no me acordaba que, cuando se est\u00e1 interna, se es muy desgraciada. Yo quiero que siempre seas feliz, aunque yo sufra.&nbsp;<\/p>\n\n\n\n<p>T\u00fa dices que tu carta es po\u00e9tica, y yo digo que la m\u00eda es fant\u00e1stica&#8230; Pasemos a otra cosa. Dimos las dos con la Rebeca un banquete. \u00bfTe lleg\u00f3 invitaci\u00f3n? El banquete se dio en la Alameda de los Nogales, y el cocinero mayor fui yo, y la Rebeca, ayudante. El men\u00fa era el siguiente: Cazuela de perdiz (todo hecho por nosotras), locro falso, empanaditas al horno, humitas, feafteack con papas fritas, torta de manjar blanco. Todo estaba de chuparse los&nbsp;<\/p>\n\n\n\n<p>dedos, y asistieron al banquete mi mam\u00e1 y Lucho. Nos re\u00edmos como t\u00fa no te imaginas; pero vieras, todo hecho por nosotras en una cocinita que tenemos. A m\u00ed me encanta hace; qui\u00e9n sabe si haga otra vez antes de irnos. Da risa ver en los platitos lo que cabe. No s\u00e9 si t\u00fa viste la cocina en Santiago.&nbsp;<\/p>\n\n\n\n<p>Tambi\u00e9n tenemos unas casas que son preciosas. Puedes venir t\u00fa, y alojarte, pues tienen tres piezas con sus buenas ventanas. Acabo de comprar el fundo y la M. Salas me dijo que le pusiera Lourdes. \u00bfTe gusta? Tiene hasta ferrocarril; de todo. Te convido a pasar una temporada. Y lo mejor que no cabemos sino las dos; as\u00ed es que podemos hablar todo lo que queramos;&nbsp;<\/p>\n\n\n\n<p>Adi\u00f3s, ideal y encantadora Picha. Qui\u00e9n sabe cu\u00e1ndo el destino nos juntar\u00e1. Hiciera ceniza el internado. No la muestres. R\u00f3mpela (te lo pido por la Popa). \u00bfS\u00ed? No te escribo m\u00e1s si s\u00e9 que no la has roto. Qu\u00e9 desorden m\u00e1s grande. R\u00f3mpela, te lo pido por favor.&nbsp;<\/p>\n\n\n\n<p>Con saludos a tu mam\u00e1 y hermanos, especialmente a la In\u00e9s a quien dar\u00e1s un abrazo; y para ti todo mi amor.&nbsp;<\/p>\n\n\n\n<p>Ya sabes qui\u00e9n soy. Cont\u00e9stame apenas te llegue, porque ya me voy el mi\u00e9rcoles.&nbsp;<\/p>\n\n\n\n<p>Adi\u00f3s, que me voy llorando,&nbsp;<\/p>\n\n\n\n<p>me voy llorando y te dejo.&nbsp;<\/p>\n\n\n\n<p>Si no me piensas ver,&nbsp;<\/p>\n\n\n\n<p>con la esperanza me alejo&#8230;&nbsp;<\/p>\n\n\n\n<p>\u00bfCu\u00e1ndo vienes? Anda a ver a tu amiga prisionera.&nbsp;<\/p>\n\n\n\n<p>Mil besos. Adi\u00f3s, por \u00faltima vez. A la Filipa se la llevaron. La Monja R\u00edos no se [la] han llevado, porque Lucita fue a verla el otro d\u00eda. No le he escrito a nadie porque t\u00fa no me contestabas.<\/p>\n","protected":false},"excerpt":{"rendered":"<p>Se\u00f1orita Carmen De Castro Ort\u00fazar&nbsp; Mi encantadora Carmenchita:&nbsp; Yo cre\u00ed que te hab\u00edas olvidado ya de m\u00ed, y no esperaba carta, cuando me lleg\u00f3 tu cartita ideal.&nbsp; No s\u00e9 por qu\u00e9 empezar, porque tengo que contarte muchas cosas. Te dir\u00e9 que faltan 7 d\u00edas \u00bfno piensas? S\u00f3lo 7 d\u00edas para estar en ese calabozo. Se [&hellip;]<\/p>\n","protected":false},"author":1,"featured_media":581,"comment_status":"closed","ping_status":"open","sticky":false,"template":"","format":"standard","meta":[],"categories":[14,4],"tags":[],"_links":{"self":[{"href":"https:\/\/santateresadelosandes.org\/index.php\/wp-json\/wp\/v2\/posts\/144"}],"collection":[{"href":"https:\/\/santateresadelosandes.org\/index.php\/wp-json\/wp\/v2\/posts"}],"about":[{"href":"https:\/\/santateresadelosandes.org\/index.php\/wp-json\/wp\/v2\/types\/post"}],"author":[{"embeddable":true,"href":"https:\/\/santateresadelosandes.org\/index.php\/wp-json\/wp\/v2\/users\/1"}],"replies":[{"embeddable":true,"href":"https:\/\/santateresadelosandes.org\/index.php\/wp-json\/wp\/v2\/comments?post=144"}],"version-history":[{"count":1,"href":"https:\/\/santateresadelosandes.org\/index.php\/wp-json\/wp\/v2\/posts\/144\/revisions"}],"predecessor-version":[{"id":145,"href":"https:\/\/santateresadelosandes.org\/index.php\/wp-json\/wp\/v2\/posts\/144\/revisions\/145"}],"wp:featuredmedia":[{"embeddable":true,"href":"https:\/\/santateresadelosandes.org\/index.php\/wp-json\/wp\/v2\/media\/581"}],"wp:attachment":[{"href":"https:\/\/santateresadelosandes.org\/index.php\/wp-json\/wp\/v2\/media?parent=144"}],"wp:term":[{"taxonomy":"category","embeddable":true,"href":"https:\/\/santateresadelosandes.org\/index.php\/wp-json\/wp\/v2\/categories?post=144"},{"taxonomy":"post_tag","embeddable":true,"href":"https:\/\/santateresadelosandes.org\/index.php\/wp-json\/wp\/v2\/tags?post=144"}],"curies":[{"name":"wp","href":"https:\/\/api.w.org\/{rel}","templated":true}]}}