{"id":146,"date":"2020-07-01T17:02:01","date_gmt":"2020-07-01T21:02:01","guid":{"rendered":"http:\/\/santateresadelosandes.org\/?p=146"},"modified":"2020-07-13T18:22:32","modified_gmt":"2020-07-13T22:22:32","slug":"07-a-carmen-de-castro-ortuzar-23-de-marzo-de-1916","status":"publish","type":"post","link":"https:\/\/santateresadelosandes.org\/index.php\/2020\/07\/01\/07-a-carmen-de-castro-ortuzar-23-de-marzo-de-1916\/","title":{"rendered":"07. A Carmen de Castro Ort\u00fazar 23 de marzo de 1916"},"content":{"rendered":"\n<p>Maestranza, marzo 23 de 1916&nbsp;<\/p>\n\n\n\n<p>Se\u00f1orita Carmen de Castro O.&nbsp;<\/p>\n\n\n\n<p>Mi querida Carmencita:&nbsp;<\/p>\n\n\n\n<p>El domingo supe en el sal\u00f3n la muerte de la Oreana, y he tenido mucha pena al acordarme del cari\u00f1o que t\u00fa le ten\u00edas. Yo,&nbsp;<\/p>\n\n\n\n<p>sin conocerla, la quise s\u00f3lo con lo que t\u00fa me hablabas de ella. As\u00ed es que todos estos d\u00edas mis oraciones han sido por ella sin olvidarme de ti, por cierto, para que Dios te consuele de la p\u00e9rdida de una prima y amiga tan querida.&nbsp;<\/p>\n\n\n\n<p>Pero por otra parte, para ella ha sido una felicidad. Fue un \u00e1ngel que pas\u00f3 por el mundo sin empa\u00f1ar sus alas. Supo cumplir la voluntad de Dios desde sus m\u00e1s tiernos a\u00f1os, y ya habr\u00e1 traspasado los umbrales de la felicidad. \u00bfAcaso, mi querida Carmencita, no crees que ella habr\u00e1 rogado por ti? \u00a1Feliz t\u00fa, que tienes una amiga que vele desde arriba todos tus pasos!&nbsp;<\/p>\n\n\n\n<p>La primera vez que salga te ir\u00e9 a ver, pues tengo tantas cosas que contarte, y creo que t\u00fa tambi\u00e9n, pues hace tiempo que no nos vemos. Sobre todo ahora quisiera estar a tu lado para consolarte. T\u00fa sabes que sufro junto contigo y, aunque estamos separadas, mi coraz\u00f3n est\u00e1 contigo.&nbsp;<\/p>\n\n\n\n<p>Saludos para tu mam\u00e1 y hermanos, a quienes dir\u00e1s la parte que tomo en su pesar. Y t\u00fa, querida Carmenchita, recibe con un beso y fuerte abrazo, el cari\u00f1o de tu amiga que no te olvida un instante.&nbsp;<\/p>\n\n\n\n<p>Juana&nbsp;<\/p>\n\n\n\n<p>P.D.&#8211; No la muestres a nadie. Saludos a la In\u00e9s de parte de la Rebeca.<\/p>\n","protected":false},"excerpt":{"rendered":"<p>Maestranza, marzo 23 de 1916&nbsp; Se\u00f1orita Carmen de Castro O.&nbsp; Mi querida Carmencita:&nbsp; El domingo supe en el sal\u00f3n la muerte de la Oreana, y he tenido mucha pena al acordarme del cari\u00f1o que t\u00fa le ten\u00edas. Yo,&nbsp; sin conocerla, la quise s\u00f3lo con lo que t\u00fa me hablabas de ella. As\u00ed es que todos [&hellip;]<\/p>\n","protected":false},"author":1,"featured_media":581,"comment_status":"closed","ping_status":"open","sticky":false,"template":"","format":"standard","meta":[],"categories":[14,4],"tags":[],"_links":{"self":[{"href":"https:\/\/santateresadelosandes.org\/index.php\/wp-json\/wp\/v2\/posts\/146"}],"collection":[{"href":"https:\/\/santateresadelosandes.org\/index.php\/wp-json\/wp\/v2\/posts"}],"about":[{"href":"https:\/\/santateresadelosandes.org\/index.php\/wp-json\/wp\/v2\/types\/post"}],"author":[{"embeddable":true,"href":"https:\/\/santateresadelosandes.org\/index.php\/wp-json\/wp\/v2\/users\/1"}],"replies":[{"embeddable":true,"href":"https:\/\/santateresadelosandes.org\/index.php\/wp-json\/wp\/v2\/comments?post=146"}],"version-history":[{"count":1,"href":"https:\/\/santateresadelosandes.org\/index.php\/wp-json\/wp\/v2\/posts\/146\/revisions"}],"predecessor-version":[{"id":147,"href":"https:\/\/santateresadelosandes.org\/index.php\/wp-json\/wp\/v2\/posts\/146\/revisions\/147"}],"wp:featuredmedia":[{"embeddable":true,"href":"https:\/\/santateresadelosandes.org\/index.php\/wp-json\/wp\/v2\/media\/581"}],"wp:attachment":[{"href":"https:\/\/santateresadelosandes.org\/index.php\/wp-json\/wp\/v2\/media?parent=146"}],"wp:term":[{"taxonomy":"category","embeddable":true,"href":"https:\/\/santateresadelosandes.org\/index.php\/wp-json\/wp\/v2\/categories?post=146"},{"taxonomy":"post_tag","embeddable":true,"href":"https:\/\/santateresadelosandes.org\/index.php\/wp-json\/wp\/v2\/tags?post=146"}],"curies":[{"name":"wp","href":"https:\/\/api.w.org\/{rel}","templated":true}]}}