{"id":182,"date":"2020-07-01T17:32:24","date_gmt":"2020-07-01T21:32:24","guid":{"rendered":"http:\/\/santateresadelosandes.org\/?p=182"},"modified":"2020-07-13T18:22:14","modified_gmt":"2020-07-13T22:22:14","slug":"25-a-la-madre-angelica-teresa-22-de-febrero-de-1918","status":"publish","type":"post","link":"https:\/\/santateresadelosandes.org\/index.php\/2020\/07\/01\/25-a-la-madre-angelica-teresa-22-de-febrero-de-1918\/","title":{"rendered":"25. A la Madre Ang\u00e9lica Teresa 22 de febrero de 1918"},"content":{"rendered":"\n<p>Algarrobo, 22 de febrero de 1918&nbsp;<\/p>\n\n\n\n<p>Rvda. Madre Sor Ang\u00e9lica T. del S.S.&nbsp;<\/p>\n\n\n\n<p>Reverenda Madre:&nbsp;<\/p>\n\n\n\n<p>Cu\u00e1nto le agradec\u00ed su carta, que contiene tantas ense\u00f1anzas para m\u00ed, as\u00ed tambi\u00e9n como los recuerdos que me envi\u00f3 en ella. Le aseguro que me confunden sus cari\u00f1os. Es demasiado bondadosa.&nbsp;<\/p>\n\n\n\n<p>Me gust\u00f3 mucho la vida de la Princesa. Vida toda entera de humildad y sacrificio, y de oraci\u00f3n, por supuesto. Verdadera vida de carmelita. Cuando yo pienso, Rda. Madre, la vocaci\u00f3n que se ha&nbsp;<\/p>\n\n\n\n<p>dignado Dios darme, me pregunto: \u00bfqu\u00e9 he hecho yo para que Jes\u00fas me quiera tanto? \u00a1Oh, qu\u00e9 bueno es Jes\u00fas que se rebaja a elegirme, a pesar de ser tan miserable! No se imagina los deseos que tengo de ser carmelita, de irme a vivir esa vida de uni\u00f3n divina, vida de cielo en la tierra, pues la carmelita, como Ud., Rda. Madre me dice, vive para Dios, por Dios y en Dios. Para esto no se me oculta que hay que subir al Calvario, hay que adherirse a la cruz, pues este es el medio m\u00e1s f\u00e1cil para llegar a la uni\u00f3n con Cristo.&nbsp;<\/p>\n\n\n\n<p>Estoy leyendo el Camino de Perfecci\u00f3n que me encanta, porque tiene tanta doctrina; lo mismo la \u00abPr\u00e1ctica de Amor a Jesucristo\u00bb.&nbsp;<\/p>\n\n\n\n<p>Mucho goc\u00e9 con lo que me dice -que no hay necesidad de esperar dos a\u00f1os-, pues pienso [que], aunque tenga que atravesar el fuego, con Jes\u00fas lo pasar\u00e9, si tengo salud, para irme este a\u00f1o. Ruegue mucho por esto. Voy a principiar una novena a Mater Admirabilis con este fin, pues es mi salud lo que me hace temer, ya que, a pesar de estar en la costa, me encuentra el doctor muy d\u00e9bil. \u00bfQu\u00e9 hacer, Rda. Madre? Si Jes\u00fas quiere que sea carmelita, me dar\u00e1 salud para ello. Que se haga su voluntad. P\u00eddale mucho por m\u00ed, para que sea humilde, para que sea toda de El.&nbsp;<\/p>\n\n\n\n<p>En este tiempo de cuaresma, trato de mortificarme m\u00e1s. Penitencias no me dejan, aunque las deseo ardientemente. Por ahora me contento con contrariar mi voluntad. Rezar\u00e9 mucho por la Chela para que sea toda de El.&nbsp;<\/p>\n\n\n\n<p>Mi mam\u00e1 le agradeci\u00f3 mucho sus recuerdos y sentimos no poder ir all\u00e1. Es imposible. Reciba saludos de ella y le ruego rece por sus intenciones. Y su pobre hijita le pide por favor que la querida comunidad, lo mismo que Ud., ruegue por ella.&nbsp;<\/p>\n\n\n\n<p>Nos vamos el 8 de marzo.&nbsp;<\/p>\n\n\n\n<p>Juana, H. de M.&nbsp;<\/p>\n\n\n\n<p>Le env\u00edo mi retrato.<\/p>\n","protected":false},"excerpt":{"rendered":"<p>Algarrobo, 22 de febrero de 1918&nbsp; Rvda. Madre Sor Ang\u00e9lica T. del S.S.&nbsp; Reverenda Madre:&nbsp; Cu\u00e1nto le agradec\u00ed su carta, que contiene tantas ense\u00f1anzas para m\u00ed, as\u00ed tambi\u00e9n como los recuerdos que me envi\u00f3 en ella. Le aseguro que me confunden sus cari\u00f1os. Es demasiado bondadosa.&nbsp; Me gust\u00f3 mucho la vida de la Princesa. Vida [&hellip;]<\/p>\n","protected":false},"author":1,"featured_media":582,"comment_status":"closed","ping_status":"open","sticky":false,"template":"","format":"standard","meta":[],"categories":[16,4],"tags":[],"_links":{"self":[{"href":"https:\/\/santateresadelosandes.org\/index.php\/wp-json\/wp\/v2\/posts\/182"}],"collection":[{"href":"https:\/\/santateresadelosandes.org\/index.php\/wp-json\/wp\/v2\/posts"}],"about":[{"href":"https:\/\/santateresadelosandes.org\/index.php\/wp-json\/wp\/v2\/types\/post"}],"author":[{"embeddable":true,"href":"https:\/\/santateresadelosandes.org\/index.php\/wp-json\/wp\/v2\/users\/1"}],"replies":[{"embeddable":true,"href":"https:\/\/santateresadelosandes.org\/index.php\/wp-json\/wp\/v2\/comments?post=182"}],"version-history":[{"count":1,"href":"https:\/\/santateresadelosandes.org\/index.php\/wp-json\/wp\/v2\/posts\/182\/revisions"}],"predecessor-version":[{"id":183,"href":"https:\/\/santateresadelosandes.org\/index.php\/wp-json\/wp\/v2\/posts\/182\/revisions\/183"}],"wp:featuredmedia":[{"embeddable":true,"href":"https:\/\/santateresadelosandes.org\/index.php\/wp-json\/wp\/v2\/media\/582"}],"wp:attachment":[{"href":"https:\/\/santateresadelosandes.org\/index.php\/wp-json\/wp\/v2\/media?parent=182"}],"wp:term":[{"taxonomy":"category","embeddable":true,"href":"https:\/\/santateresadelosandes.org\/index.php\/wp-json\/wp\/v2\/categories?post=182"},{"taxonomy":"post_tag","embeddable":true,"href":"https:\/\/santateresadelosandes.org\/index.php\/wp-json\/wp\/v2\/tags?post=182"}],"curies":[{"name":"wp","href":"https:\/\/api.w.org\/{rel}","templated":true}]}}