{"id":188,"date":"2020-07-01T17:39:00","date_gmt":"2020-07-01T21:39:00","guid":{"rendered":"http:\/\/santateresadelosandes.org\/?p=188"},"modified":"2020-07-13T18:22:14","modified_gmt":"2020-07-13T22:22:14","slug":"28-a-su-padre-3-de-junio-de-1918","status":"publish","type":"post","link":"https:\/\/santateresadelosandes.org\/index.php\/2020\/07\/01\/28-a-su-padre-3-de-junio-de-1918\/","title":{"rendered":"28. A su padre 3 de junio de 1918"},"content":{"rendered":"\n<p>Lunes 3 de junio de 1918&nbsp;<\/p>\n\n\n\n<p>Querido papacito:&nbsp;<\/p>\n\n\n\n<p>Antes de irnos al colegio, hemos querido enviarle nuestros cari\u00f1os, y expresarle lo mucho que hemos rezado por su pronta mejor\u00eda. Todas las noches, antes de dormirnos, le rezamos a la S. Virgen para que lo proteja, ya que est\u00e1 tan lejos de nosotros.&nbsp;<\/p>\n\n\n\n<p>Cu\u00e1nto deseamos, papacito, estar afuera para poder acompa\u00f1arlo en el campo y cuidarlo y regalonearlo a nuestro gusto.&nbsp;<\/p>\n\n\n\n<p>Adi\u00f3s. Ya nos vamos a ir. Lo esperamos el jueves, pues esperamos salir para verlo.&nbsp;<\/p>\n\n\n\n<p>Lo abrazan y besan mil veces sus hijas que m\u00e1s lo quieren&nbsp;<\/p>\n\n\n\n<p>Juana y Rebeca<\/p>\n","protected":false},"excerpt":{"rendered":"<p>Lunes 3 de junio de 1918&nbsp; Querido papacito:&nbsp; Antes de irnos al colegio, hemos querido enviarle nuestros cari\u00f1os, y expresarle lo mucho que hemos rezado por su pronta mejor\u00eda. Todas las noches, antes de dormirnos, le rezamos a la S. Virgen para que lo proteja, ya que est\u00e1 tan lejos de nosotros.&nbsp; Cu\u00e1nto deseamos, papacito, [&hellip;]<\/p>\n","protected":false},"author":1,"featured_media":582,"comment_status":"closed","ping_status":"open","sticky":false,"template":"","format":"standard","meta":[],"categories":[16,4],"tags":[],"_links":{"self":[{"href":"https:\/\/santateresadelosandes.org\/index.php\/wp-json\/wp\/v2\/posts\/188"}],"collection":[{"href":"https:\/\/santateresadelosandes.org\/index.php\/wp-json\/wp\/v2\/posts"}],"about":[{"href":"https:\/\/santateresadelosandes.org\/index.php\/wp-json\/wp\/v2\/types\/post"}],"author":[{"embeddable":true,"href":"https:\/\/santateresadelosandes.org\/index.php\/wp-json\/wp\/v2\/users\/1"}],"replies":[{"embeddable":true,"href":"https:\/\/santateresadelosandes.org\/index.php\/wp-json\/wp\/v2\/comments?post=188"}],"version-history":[{"count":1,"href":"https:\/\/santateresadelosandes.org\/index.php\/wp-json\/wp\/v2\/posts\/188\/revisions"}],"predecessor-version":[{"id":189,"href":"https:\/\/santateresadelosandes.org\/index.php\/wp-json\/wp\/v2\/posts\/188\/revisions\/189"}],"wp:featuredmedia":[{"embeddable":true,"href":"https:\/\/santateresadelosandes.org\/index.php\/wp-json\/wp\/v2\/media\/582"}],"wp:attachment":[{"href":"https:\/\/santateresadelosandes.org\/index.php\/wp-json\/wp\/v2\/media?parent=188"}],"wp:term":[{"taxonomy":"category","embeddable":true,"href":"https:\/\/santateresadelosandes.org\/index.php\/wp-json\/wp\/v2\/categories?post=188"},{"taxonomy":"post_tag","embeddable":true,"href":"https:\/\/santateresadelosandes.org\/index.php\/wp-json\/wp\/v2\/tags?post=188"}],"curies":[{"name":"wp","href":"https:\/\/api.w.org\/{rel}","templated":true}]}}