{"id":207,"date":"2020-07-01T17:48:07","date_gmt":"2020-07-01T21:48:07","guid":{"rendered":"http:\/\/santateresadelosandes.org\/?p=207"},"modified":"2020-07-13T18:21:47","modified_gmt":"2020-07-13T22:21:47","slug":"37-a-la-madre-angelica-teresa-18-de-septiembre-de-1918","status":"publish","type":"post","link":"https:\/\/santateresadelosandes.org\/index.php\/2020\/07\/01\/37-a-la-madre-angelica-teresa-18-de-septiembre-de-1918\/","title":{"rendered":"37. A la Madre Ang\u00e9lica Teresa 18 de septiembre de 1918"},"content":{"rendered":"\n<p>J.M.J.T. Santiago, 18 de septiembre de 1918&nbsp;<\/p>\n\n\n\n<p>Rda. Madre Sor Ang\u00e9lica Teresa del Smo. S.&nbsp;<\/p>\n\n\n\n<p>Reverenda Madre:&nbsp;<\/p>\n\n\n\n<p>Grandes han sido mis deseos de escribirle, apenas recib\u00ed su cari\u00f1osa carta, que agradec\u00ed tanto, lo mismo que las oraciones y el retrato de Sor Isabel de la Trinidad; pero, como Ud. sabe, Rda. Madre, no he tenido tiempo, pues es \u00e9ste siempre mi pecado.&nbsp;<\/p>\n\n\n\n<p>No se figura cu\u00e1nto bien me proporciona con sus cartas y la alegr\u00eda con que las recibo, sobre todo esta \u00faltima en la que me dice hay \u00abhueco\u00bb en ese palomarcito tan querido para una pobre y miserable. \u00a1Cu\u00e1ntas gracias le di a mi Se\u00f1or desde el fondo de mi alma cuando le\u00eda esas l\u00edneas que&nbsp;<\/p>\n\n\n\n<p>me tra\u00edan la m\u00e1s feliz noticia! Cr\u00e9ame que me siento desterrada aqu\u00ed en el mundo, en medio de tantos peligros, y tengo ansias de verme ya en ese conventito, prisionera para siempre de N. Se\u00f1or, [y de] no tener otro pensamiento, otro deseo ni ocupaci\u00f3n que no se dirija a El. Sin embargo, soy tan indigna de esta gracia que me confundo. Mas aunque sea el \u00faltimo lugar, Rda. Madre, y aunque tenga que servir a todas mis Hermanas, lo prefiero a vivir con las comodidades del mundo, pues creo que all\u00ed he de encontrar la felicidad m\u00e1s cumplida de esta vida.&nbsp;<\/p>\n\n\n\n<p>No s\u00e9 c\u00f3mo agradecerle a N. Se\u00f1or todas las gracias que cada d\u00eda me concede. Me libra de los paseos y de las fiestas milagrosamente. Le voy a referir lo curioso que me pas\u00f3 el otro d\u00eda en el teatro. Fuimos con mi mama a la opera. Yo era la primera vez que iba. Despu\u00e9s de hacer oraci\u00f3n para estar recogida, le ped\u00ed la bendici\u00f3n a la Sma. Virgen pidi\u00e9ndole guardara mi alma de todo pe-cado. Result\u00f3 que la \u00f3pera ten\u00eda un baile que, como siempre, suelen ser inmodestos. Yo me mantuve todo el tiempo con la vista baja y rezando, y me dec\u00eda entre m\u00ed la l\u00e1stima de no haber llevado el rosario. C\u00f3mo ser\u00eda mi espanto, cuando salgo a pasearme con mi hermano y una amiga, cuando \u00e9ste dice que se acaba de encontrar un rosarito. Lo pasa para que lo veamos, y entonces me hice la desentendida y me qued\u00e9 con \u00e9l. As\u00ed es, Rvda. Madre, c\u00f3mo me protege esta Madre cari\u00f1osa. \u00a1C\u00f3mo no quererla con toda el alma! Estando protegida por Ella, \u00bfqu\u00e9 podr\u00e9 temer?&nbsp;<\/p>\n\n\n\n<p>Y me pregunto, \u00bfpor qu\u00e9 el Se\u00f1or me protege y me guarda para S\u00ed cuando soy tan miserable? Y en El mismo encuentro la respuesta: tiene un Coraz\u00f3n de Dios, lleno, por lo tanto, de amor infinito y este fuego de amor abrasa cuanto encuentra a su paso con tal que nos dejemos consumir. Rda. Madre, pida a ese Coraz\u00f3n Divino de Jes\u00fas que me abrase en las llamas de su amor, y que all\u00ed consuma todas mis miserias e imperfecciones para serle cada d\u00eda m\u00e1s fiel y para llegar a la total uni\u00f3n.&nbsp;<\/p>\n\n\n\n<p>La amiga que Ud. cree, Rda. Madre, es Elisa Vald\u00e9s Ossa, que me dice la recomiende a sus oraciones. Verdaderamente necesita mucho la pobrecita de oraciones, pues se encuentra en una atm\u00f3sfera sumamente hostil a sus inclinaciones. La hacen salir mucho; por lo que tiene muy poco tiempo para sus ejercicios de piedad. Las dos nos ayudamos para amar y servir lo mejor posible a N. Se\u00f1or. Y nuestras conversaciones son siempre o para estimularnos en el camino de la perfecci\u00f3n o para hablar de ese Carmen en el cual deseamos vernos las dos. Ojal\u00e1 llegue pronto ese d\u00eda en que pueda decir: \u00a1Soy carmelita! Rda. Madre, me parece que ese d\u00eda tarda tanto que no podr\u00e9 alcanzar ese ideal que he alimentado toda mi vida.&nbsp;<\/p>\n\n\n\n<p>Por favor le pido, guarde el m\u00e1s completo secreto para Elisita, pues cualquiera persona podr\u00eda decir en su casa y le quitar\u00edan la menor libertad. As\u00ed es que conf\u00edo no lo dir\u00e1 a nadie.&nbsp;<\/p>\n\n\n\n<p>Si tiene la bondad de contestarme, le ruego me diga lo que le pido en la otra carta. Salude muy cari\u00f1osamente a la Madre Sub-Priora y a todas mis queridas hermanitas, rog\u00e1ndoles recen mucho por m\u00ed, para que alg\u00fan d\u00eda pueda ser tan feliz como son ellas. Y Ud., Rda. Madre, reciba de mi mam\u00e1 el m\u00e1s afectuoso saludo, y de su pobre hija oraciones y el respetuoso cari\u00f1o que le profesa&nbsp;<\/p>\n\n\n\n<p>Juana, H. de M. P.D&nbsp;<\/p>\n\n\n\n<p>Rece por varias intenciones y tambi\u00e9n para que pueda ir en octubre a conocer ese conventito que, por lo pobre que me han dicho que es, me atrae m\u00e1s. Dispense la letra, etc., porque estoy apurada. 14 de&nbsp;<\/p>\n\n\n\n<p>octubre. No hab\u00eda podido mandarla.<\/p>\n","protected":false},"excerpt":{"rendered":"<p>J.M.J.T. Santiago, 18 de septiembre de 1918&nbsp; Rda. Madre Sor Ang\u00e9lica Teresa del Smo. S.&nbsp; Reverenda Madre:&nbsp; Grandes han sido mis deseos de escribirle, apenas recib\u00ed su cari\u00f1osa carta, que agradec\u00ed tanto, lo mismo que las oraciones y el retrato de Sor Isabel de la Trinidad; pero, como Ud. sabe, Rda. Madre, no he tenido [&hellip;]<\/p>\n","protected":false},"author":1,"featured_media":582,"comment_status":"closed","ping_status":"open","sticky":false,"template":"","format":"standard","meta":[],"categories":[16,4],"tags":[],"_links":{"self":[{"href":"https:\/\/santateresadelosandes.org\/index.php\/wp-json\/wp\/v2\/posts\/207"}],"collection":[{"href":"https:\/\/santateresadelosandes.org\/index.php\/wp-json\/wp\/v2\/posts"}],"about":[{"href":"https:\/\/santateresadelosandes.org\/index.php\/wp-json\/wp\/v2\/types\/post"}],"author":[{"embeddable":true,"href":"https:\/\/santateresadelosandes.org\/index.php\/wp-json\/wp\/v2\/users\/1"}],"replies":[{"embeddable":true,"href":"https:\/\/santateresadelosandes.org\/index.php\/wp-json\/wp\/v2\/comments?post=207"}],"version-history":[{"count":1,"href":"https:\/\/santateresadelosandes.org\/index.php\/wp-json\/wp\/v2\/posts\/207\/revisions"}],"predecessor-version":[{"id":208,"href":"https:\/\/santateresadelosandes.org\/index.php\/wp-json\/wp\/v2\/posts\/207\/revisions\/208"}],"wp:featuredmedia":[{"embeddable":true,"href":"https:\/\/santateresadelosandes.org\/index.php\/wp-json\/wp\/v2\/media\/582"}],"wp:attachment":[{"href":"https:\/\/santateresadelosandes.org\/index.php\/wp-json\/wp\/v2\/media?parent=207"}],"wp:term":[{"taxonomy":"category","embeddable":true,"href":"https:\/\/santateresadelosandes.org\/index.php\/wp-json\/wp\/v2\/categories?post=207"},{"taxonomy":"post_tag","embeddable":true,"href":"https:\/\/santateresadelosandes.org\/index.php\/wp-json\/wp\/v2\/tags?post=207"}],"curies":[{"name":"wp","href":"https:\/\/api.w.org\/{rel}","templated":true}]}}