{"id":215,"date":"2020-07-01T17:50:45","date_gmt":"2020-07-01T21:50:45","guid":{"rendered":"http:\/\/santateresadelosandes.org\/?p=215"},"modified":"2020-07-13T18:21:47","modified_gmt":"2020-07-13T22:21:47","slug":"41-a-su-hermana-rebeca-8-de-noviembre-de-1918","status":"publish","type":"post","link":"https:\/\/santateresadelosandes.org\/index.php\/2020\/07\/01\/41-a-su-hermana-rebeca-8-de-noviembre-de-1918\/","title":{"rendered":"41. A su hermana Rebeca 8 de noviembre de 1918"},"content":{"rendered":"\n<p>Cunaco, 8 de noviembre de 1918&nbsp;<\/p>\n\n\n\n<p>Mi querida hermanita:&nbsp;<\/p>\n\n\n\n<p>Moi absent rien n&#8217;est chang\u00e9 a nos relations; je suis toujours la vivant avec vous, assistant invisible \u00e0 tout ce que constitue votre existence.&nbsp;<\/p>\n\n\n\n<p>No ser\u00edas tan severa para juzgarme, si me oyeras decir a cada instante: \u00bfqu\u00e9 ser\u00e1 de la pobre Rebeca? No sabes, mi pichita, lo que te recuerdo y las ansias que tengo de verte. T\u00fa, que necesitas m\u00e1s que nadie los aires del campo para adquirir nuevas fuerzas, te encuentras encerrada all\u00e1 en Santiago. Cu\u00e1nto gozar\u00edas andando en auto por espl\u00e9ndidos caminos, magn\u00edficamente sombreados y a toda velocidad, y adem\u00e1s oyendo los cuentos alemanes de un Padre que los dice con mucha gracia.&nbsp;<\/p>\n\n\n\n<p>Aqu\u00ed las misiones tuvieron un espl\u00e9ndido resultado. Jam\u00e1s hab\u00eda presenciado espect\u00e1culo m\u00e1s conmovedor: el de una noche que fue el d\u00eda de la fiesta de reparaci\u00f3n. F\u00edjate que se pide perd\u00f3n a gritos, pero al principio los hombres no ped\u00edan. Entonces el Padre se dirigi\u00f3 a los ni\u00f1os y estos comenzaron a pedir perd\u00f3n por sus padres; en seguida las mujeres y por \u00faltimo todo el mundo lloraba, y dos mujeres se desmayaron. Y la Gorda se re\u00eda. Te aseguro que fue pat\u00e9tico aquello.&nbsp;<\/p>\n\n\n\n<p>En fin, pasando a otra cosa, te dir\u00e9 que no s\u00e9 cuando me vaya, porque no tengo con qui\u00e9n irme. Ojal\u00e1 viniera Lucho a buscarme el lunes, si no le es muy pesado el viaje. Cr\u00e9eme que tengo ansias de verte, de abrazarte y de besarte. Cuando se est\u00e1 lejos, se sienten mejor los sonidos que la distancia arranca al coraz\u00f3n. Uf -\u00a1qu\u00e9 si\u00fatico!- pero es el coraz\u00f3n, perrita, el que dicta, y la cabeza no entiende este lenguaje. No s\u00e9 lo que escribo, pero es para ti sola; as\u00ed es que no importa \u00bfno?&nbsp;<\/p>\n\n\n\n<p>Me dices en tu carta que estuviste con la Sarita y C\u00eda. \u00bfQu\u00e9 hay de nuevo? \u00bfSiempre te gusta?&nbsp;<\/p>\n\n\n\n<p>Adi\u00f3s. Saluda a mi papacito y mamacita, a mis hermanos (sin olvidarte de Chiro que lo considero como tal) a mi mamita, Rosa, a la Gorda Cruz, a la Mar\u00eda Susana y Mercedes y Lucha. Y para ti el beso m\u00e1s cari\u00f1oso junto con un pellizco donde duele y no hace da\u00f1o. Saluda a la Carmen de Castro y a la Elena Salas. Que me escriban.&nbsp;<\/p>\n\n\n\n<p>Adi\u00f3s. Y el eco repite: \u00a1A Dios!&nbsp;<\/p>\n\n\n\n<p>Juana<\/p>\n","protected":false},"excerpt":{"rendered":"<p>Cunaco, 8 de noviembre de 1918&nbsp; Mi querida hermanita:&nbsp; Moi absent rien n&#8217;est chang\u00e9 a nos relations; je suis toujours la vivant avec vous, assistant invisible \u00e0 tout ce que constitue votre existence.&nbsp; No ser\u00edas tan severa para juzgarme, si me oyeras decir a cada instante: \u00bfqu\u00e9 ser\u00e1 de la pobre Rebeca? No sabes, mi [&hellip;]<\/p>\n","protected":false},"author":1,"featured_media":583,"comment_status":"closed","ping_status":"open","sticky":false,"template":"","format":"standard","meta":[],"categories":[16,4],"tags":[],"_links":{"self":[{"href":"https:\/\/santateresadelosandes.org\/index.php\/wp-json\/wp\/v2\/posts\/215"}],"collection":[{"href":"https:\/\/santateresadelosandes.org\/index.php\/wp-json\/wp\/v2\/posts"}],"about":[{"href":"https:\/\/santateresadelosandes.org\/index.php\/wp-json\/wp\/v2\/types\/post"}],"author":[{"embeddable":true,"href":"https:\/\/santateresadelosandes.org\/index.php\/wp-json\/wp\/v2\/users\/1"}],"replies":[{"embeddable":true,"href":"https:\/\/santateresadelosandes.org\/index.php\/wp-json\/wp\/v2\/comments?post=215"}],"version-history":[{"count":1,"href":"https:\/\/santateresadelosandes.org\/index.php\/wp-json\/wp\/v2\/posts\/215\/revisions"}],"predecessor-version":[{"id":216,"href":"https:\/\/santateresadelosandes.org\/index.php\/wp-json\/wp\/v2\/posts\/215\/revisions\/216"}],"wp:featuredmedia":[{"embeddable":true,"href":"https:\/\/santateresadelosandes.org\/index.php\/wp-json\/wp\/v2\/media\/583"}],"wp:attachment":[{"href":"https:\/\/santateresadelosandes.org\/index.php\/wp-json\/wp\/v2\/media?parent=215"}],"wp:term":[{"taxonomy":"category","embeddable":true,"href":"https:\/\/santateresadelosandes.org\/index.php\/wp-json\/wp\/v2\/categories?post=215"},{"taxonomy":"post_tag","embeddable":true,"href":"https:\/\/santateresadelosandes.org\/index.php\/wp-json\/wp\/v2\/tags?post=215"}],"curies":[{"name":"wp","href":"https:\/\/api.w.org\/{rel}","templated":true}]}}