{"id":217,"date":"2020-07-01T17:51:33","date_gmt":"2020-07-01T21:51:33","guid":{"rendered":"http:\/\/santateresadelosandes.org\/?p=217"},"modified":"2020-07-13T18:21:47","modified_gmt":"2020-07-13T22:21:47","slug":"42-a-su-madre-14-de-noviembre-de-1918","status":"publish","type":"post","link":"https:\/\/santateresadelosandes.org\/index.php\/2020\/07\/01\/42-a-su-madre-14-de-noviembre-de-1918\/","title":{"rendered":"42. A su madre 14 de noviembre de 1918"},"content":{"rendered":"\n<p>Cunaco, 14 de noviembre de 1918&nbsp;<\/p>\n\n\n\n<p>Se\u00f1ora Luc\u00eda Solar de Fern\u00e1ndez&nbsp;<\/p>\n\n\n\n<p>Mi querida mamacita:&nbsp;<\/p>\n\n\n\n<p>A pesar del olvido en que me tiene, yo no la olvido un instante; pues, al contrario, paso pensando que ha de tener una gran preocupaci\u00f3n, ya que, con haberle escrito tres cartas, no he recibido ni una suya en contestaci\u00f3n.&nbsp;<\/p>\n\n\n\n<p>Ayer lleg\u00f3 don Pepe, y me dio noticias suyas, lo mismo que de mi t\u00eda Juanita, la cual -me dijo- estaba con la gripe; lo que me ha tenido bastante preocupada. Todas las veces que he pedido comunicaci\u00f3n para all\u00e1 ha estado mala la l\u00ednea, pues constantemente pasa as\u00ed.&nbsp;<\/p>\n\n\n\n<p>Hemos pasado tres d\u00edas solas. Y nosotras dos con la Herminia nos buscamos nuestras entretenciones. Salimos a andar el otro d\u00eda de a pie y, como ten\u00edamos que atravesar el r\u00edo, nos subimos en un carret\u00f3n, en el que pasamos el r\u00edo. Hicimos un paseo para conocer el fundo; pero como era un poco \u00e1spero, no anduvimos mucho y nos volvimos a las casas de nuevo, donde se rieron much\u00edsimo de nuestra idea. El otro d\u00eda salimos con la Gordita en una cabrita (cochecito) y yo manejaba. Fuimos a conocer las casas de don Ismael Vald\u00e9s, que son preciosas y tienen un lindo parque, aunque es superior el de aqu\u00ed.&nbsp;<\/p>\n\n\n\n<p>Todas las tardes rezamos el mes de Mar\u00eda. La Eli reza el mes y yo el Rosario y toco el harmonio. F\u00edjese que ayer est\u00e1bamos cantando un Ave Mar\u00eda y la Herminia nos tienta de la risa. En vez de canto, nos sal\u00edan carcajadas. No pudimos seguir.&nbsp;<\/p>\n\n\n\n<p>Creo que me voy a ir junto con todas, pues no quieren dejarme ir. No se figura lo cari\u00f1osos que son, desde don Pepe que todas las noches me besa y da la bendici\u00f3n. Lo mismo misi\u00e1 Juanita. Pero, sin embargo, echo mucho de menos los besos de mi papacito y los suyos y los cari\u00f1os de mis hermanos.&nbsp;<\/p>\n\n\n\n<p>Adi\u00f3s, mi mamachita linda. Salude a cada uno, y Ud. reciba mil besos y abrazos de su&nbsp;<\/p>\n\n\n\n<p>Juana, H. de M., para Ud. y papacito&nbsp;<\/p>\n\n\n\n<p>F\u00edjese que a toda costa me quieren llevar a Paula para las Misiones, que son el 15 de diciembre; pero&nbsp;<\/p>\n\n\n\n<p>ya les he dicho que no.<\/p>\n","protected":false},"excerpt":{"rendered":"<p>Cunaco, 14 de noviembre de 1918&nbsp; Se\u00f1ora Luc\u00eda Solar de Fern\u00e1ndez&nbsp; Mi querida mamacita:&nbsp; A pesar del olvido en que me tiene, yo no la olvido un instante; pues, al contrario, paso pensando que ha de tener una gran preocupaci\u00f3n, ya que, con haberle escrito tres cartas, no he recibido ni una suya en contestaci\u00f3n.&nbsp; [&hellip;]<\/p>\n","protected":false},"author":1,"featured_media":583,"comment_status":"closed","ping_status":"open","sticky":false,"template":"","format":"standard","meta":[],"categories":[16,4],"tags":[],"_links":{"self":[{"href":"https:\/\/santateresadelosandes.org\/index.php\/wp-json\/wp\/v2\/posts\/217"}],"collection":[{"href":"https:\/\/santateresadelosandes.org\/index.php\/wp-json\/wp\/v2\/posts"}],"about":[{"href":"https:\/\/santateresadelosandes.org\/index.php\/wp-json\/wp\/v2\/types\/post"}],"author":[{"embeddable":true,"href":"https:\/\/santateresadelosandes.org\/index.php\/wp-json\/wp\/v2\/users\/1"}],"replies":[{"embeddable":true,"href":"https:\/\/santateresadelosandes.org\/index.php\/wp-json\/wp\/v2\/comments?post=217"}],"version-history":[{"count":1,"href":"https:\/\/santateresadelosandes.org\/index.php\/wp-json\/wp\/v2\/posts\/217\/revisions"}],"predecessor-version":[{"id":218,"href":"https:\/\/santateresadelosandes.org\/index.php\/wp-json\/wp\/v2\/posts\/217\/revisions\/218"}],"wp:featuredmedia":[{"embeddable":true,"href":"https:\/\/santateresadelosandes.org\/index.php\/wp-json\/wp\/v2\/media\/583"}],"wp:attachment":[{"href":"https:\/\/santateresadelosandes.org\/index.php\/wp-json\/wp\/v2\/media?parent=217"}],"wp:term":[{"taxonomy":"category","embeddable":true,"href":"https:\/\/santateresadelosandes.org\/index.php\/wp-json\/wp\/v2\/categories?post=217"},{"taxonomy":"post_tag","embeddable":true,"href":"https:\/\/santateresadelosandes.org\/index.php\/wp-json\/wp\/v2\/tags?post=217"}],"curies":[{"name":"wp","href":"https:\/\/api.w.org\/{rel}","templated":true}]}}