{"id":237,"date":"2020-07-01T17:58:16","date_gmt":"2020-07-01T21:58:16","guid":{"rendered":"http:\/\/santateresadelosandes.org\/?p=237"},"modified":"2020-07-13T18:21:46","modified_gmt":"2020-07-13T22:21:46","slug":"52-a-la-madre-angelica-teresa-22-de-enero-de-1919","status":"publish","type":"post","link":"https:\/\/santateresadelosandes.org\/index.php\/2020\/07\/01\/52-a-la-madre-angelica-teresa-22-de-enero-de-1919\/","title":{"rendered":"52. A la Madre Ang\u00e9lica Teresa 22 de enero de 1919"},"content":{"rendered":"\n<p>J.M.J.T. San Pablo, 22 de enero de 1919&nbsp;<\/p>\n\n\n\n<p>Rda. Madre Sor Ang\u00e9lica Teresa del Sant\u00edsimo S.&nbsp;<\/p>\n\n\n\n<p>Mi Reverenda Madre:&nbsp;<\/p>\n\n\n\n<p>No se extra\u00f1e no haya contestado inmediatamente su carta, pero aqu\u00ed me es muy dif\u00edcil escribirle por cuanto es mi pap\u00e1 el que despacha las cartas para el correo. Le ruego tambi\u00e9n que, cuando me escriba, no me ponga Del Solar, porque les llama la atenci\u00f3n el \u00abDel\u00bb y me preguntan que qui\u00e9n me escribe as( y paso apuros colosales para eludir la pregunta sin mentir. Es as\u00ed nuestro apellido, [pero] nunca nos ponemos as\u00ed.&nbsp;<\/p>\n\n\n\n<p>Escr\u00edbame todo lo que quiera, porque no me ven las cartas, y ojal\u00e1-me fuera dando la lista de las cosas que necesito, c\u00f3mo es la hechura del vestido, el g\u00e9nero, etc., que usted crea conveniente.&nbsp;<\/p>\n\n\n\n<p>Todav\u00eda gozo con la visita a mi conventito, y paso unida constantemente a \u00e9l, ansiando cada vez m\u00e1s llegar a encerrarme en \u00e9l, aunque sea para ocupar el \u00faltimo lugar y servir a todas mis hermanitas; pues es eso lo \u00fanico que me corresponde, de lo que soy menos indigna.&nbsp;<\/p>\n\n\n\n<p>Aqu\u00ed no tengo misa. Hacen ya 15 d\u00edas que no comulgo. Fig\u00farese, mi Madre querida, qu\u00e9 hambre no tendr\u00e9. Pero me abandono a la voluntad de Dios. Es \u00e9se el alimento de mi alma por ahora. Ud. me lo indic\u00f3 ya en una de sus cartas, lo mismo que comulgar espiritualmente. Quiz\u00e1s N. Se\u00f1or no me proporcione la comuni\u00f3n porque soy tan mala y me preparo con tanta negligencia.&nbsp;<\/p>\n\n\n\n<p>Muchas veces, mi querida Madre, no puedo ni hacer oraci\u00f3n. En esto consiste mi mayor pena, pues paso constantemente con todos, porque no me dejan un momento. Ayer estaba desalentada, pero N. Se\u00f1or me consol\u00f3 dici\u00e9ndome que me deb\u00eda esforzar en dominar esa tristeza y desaliento, porque muchas veces me dominar\u00eda despu\u00e9s ante las dificultades para ser una santa carmelita. Esto s\u00f3lo bast\u00f3 para alentarme y ponerme muy feliz con la voluntad de Dios. Gracias a El.&nbsp;<\/p>\n\n\n\n<p>Es cierto que a veces no tengo mi oraci\u00f3n. Pero mi vida -puedo decir- es una oraci\u00f3n continuada; pues todo,lo que hago, lo hago por amor a mi Jes\u00fas, y noto que desde que estuve all\u00e1 estoy mucho m\u00e1s recogida. D\u00edgales esto a mis queridas Hermanitas, pues a Ud., Madre m\u00eda querida, y a ellas se lo debo.&nbsp;<\/p>\n\n\n\n<p>Le\u00ed las Constituciones y Reglas. S\u00f3lo conf\u00edo en Dios podr\u00e9 observarlas perfectamente, pues ellas encierran un plan cumplido de santidad. Leo el libro del Padre Blot que da tambi\u00e9n a conocer lo que es la carmelita. Tambi\u00e9n la Suma Espiritual de San Juan de la Cruz. Me encanta y saco provecho de \u00e9l. Los salmos los estoy rezando. Me sirven de gran consuelo y les he tomado mucha afici\u00f3n.&nbsp;<\/p>\n\n\n\n<p>Le incluyo mi otra carta que la encontr\u00e9 en un libro.&nbsp;<\/p>\n\n\n\n<p>Mi mam\u00e1 me encarga la salude y le agradece su saludo, lo mismo que sus oraciones.&nbsp;<\/p>\n\n\n\n<p>Muri\u00f3 mi primo el mi\u00e9rcoles, el hijo de mi t\u00eda Juanita Solar. Se lo encargo a sus oraciones y a las de mis Hermanitas. D\u00edgales de mi parte cu\u00e1nto las quiero y lo agradecida que les estoy. Que por caridad recen mucho por mi, pues lo necesito mucho.&nbsp;<\/p>\n\n\n\n<p>No le escribo m\u00e1s porque estoy muy apurada y tiemblo que me sorprendan. Rece por su hijita, que ella lo hace por su Madre, sobre todo Para que viva en El, y por El s\u00f3lo. Es \u00e9se mi \u00fanico ideal .&nbsp;<\/p>\n\n\n\n<p>Su hija en el Coraz\u00f3n de Jes\u00fas,&nbsp;<\/p>\n\n\n\n<p>Juana, H. de M.&nbsp;<\/p>\n\n\n\n<p>Recuerdos a la Sarita. No s\u00e9 c\u00f3mo agradecerle el nombre que me dio. Soy demasiado indigna de llamarme como mi Madre; muy peque\u00f1a para un nombre tan grande: Teresa de Jes\u00fas, Carmelita.&nbsp;<\/p>\n\n\n\n<p>\u00a1Qu\u00e9 deseos tengo de ponerme as\u00ed!&nbsp;<\/p>\n\n\n\n<p>Mi direcci\u00f3n es San Javier de Loncomilla. Casilla 6.<\/p>\n","protected":false},"excerpt":{"rendered":"<p>J.M.J.T. San Pablo, 22 de enero de 1919&nbsp; Rda. Madre Sor Ang\u00e9lica Teresa del Sant\u00edsimo S.&nbsp; Mi Reverenda Madre:&nbsp; No se extra\u00f1e no haya contestado inmediatamente su carta, pero aqu\u00ed me es muy dif\u00edcil escribirle por cuanto es mi pap\u00e1 el que despacha las cartas para el correo. Le ruego tambi\u00e9n que, cuando me escriba, [&hellip;]<\/p>\n","protected":false},"author":1,"featured_media":583,"comment_status":"closed","ping_status":"open","sticky":false,"template":"","format":"standard","meta":[],"categories":[17,4],"tags":[],"_links":{"self":[{"href":"https:\/\/santateresadelosandes.org\/index.php\/wp-json\/wp\/v2\/posts\/237"}],"collection":[{"href":"https:\/\/santateresadelosandes.org\/index.php\/wp-json\/wp\/v2\/posts"}],"about":[{"href":"https:\/\/santateresadelosandes.org\/index.php\/wp-json\/wp\/v2\/types\/post"}],"author":[{"embeddable":true,"href":"https:\/\/santateresadelosandes.org\/index.php\/wp-json\/wp\/v2\/users\/1"}],"replies":[{"embeddable":true,"href":"https:\/\/santateresadelosandes.org\/index.php\/wp-json\/wp\/v2\/comments?post=237"}],"version-history":[{"count":1,"href":"https:\/\/santateresadelosandes.org\/index.php\/wp-json\/wp\/v2\/posts\/237\/revisions"}],"predecessor-version":[{"id":238,"href":"https:\/\/santateresadelosandes.org\/index.php\/wp-json\/wp\/v2\/posts\/237\/revisions\/238"}],"wp:featuredmedia":[{"embeddable":true,"href":"https:\/\/santateresadelosandes.org\/index.php\/wp-json\/wp\/v2\/media\/583"}],"wp:attachment":[{"href":"https:\/\/santateresadelosandes.org\/index.php\/wp-json\/wp\/v2\/media?parent=237"}],"wp:term":[{"taxonomy":"category","embeddable":true,"href":"https:\/\/santateresadelosandes.org\/index.php\/wp-json\/wp\/v2\/categories?post=237"},{"taxonomy":"post_tag","embeddable":true,"href":"https:\/\/santateresadelosandes.org\/index.php\/wp-json\/wp\/v2\/tags?post=237"}],"curies":[{"name":"wp","href":"https:\/\/api.w.org\/{rel}","templated":true}]}}