{"id":239,"date":"2020-07-01T17:59:19","date_gmt":"2020-07-01T21:59:19","guid":{"rendered":"http:\/\/santateresadelosandes.org\/?p=239"},"modified":"2020-07-13T18:21:46","modified_gmt":"2020-07-13T22:21:46","slug":"53-al-p-jose-blanch-c-m-f-22-de-enero-de-1919","status":"publish","type":"post","link":"https:\/\/santateresadelosandes.org\/index.php\/2020\/07\/01\/53-al-p-jose-blanch-c-m-f-22-de-enero-de-1919\/","title":{"rendered":"53. Al P. Jos\u00e9 Blanch, C.M.F. 22 de enero de 1919"},"content":{"rendered":"\n<p>San Pablo, 22 de enero de 1919&nbsp;<\/p>\n\n\n\n<p>Reverendo Padre:&nbsp;<\/p>\n\n\n\n<p>Aprovecho que escribe mi mam\u00e1 para enviar la m\u00eda. Tuve la felicidad, gracias a N. Se\u00f1or, de conocer el conventito de Los Andes. S\u00f3lo su vista, de aspecto pobr\u00edsimo, me encant\u00f3. Mucho cambio se ha producido en mi desde entonces ac\u00e1. Estoy resuelta enteramente a ser carmelita, pues habl\u00e9 con M. Ang\u00e9lica, quien me expuso la vida de la carmelita, y adem\u00e1s me prest\u00f3 un libro del Padre Blot en el cual da a conocer la misma. Todo fue providencial, Rdo. Padre, pues apenas entr\u00e9 en el locutorio, cuando sent\u00ed una felicidad tan grande, una paz inexplicable y sent\u00eda interiormente que ese era mi convento. Su soledad, su apartamiento del mundo, me encant\u00f3, lo mismo que su mucha pobreza. Estuve con todas las monjas. Me las presentaron a cada una sin la cortina que las oculta, y no pude menos de admirar la alegr\u00eda e intimidad y sencillez que reina entre ellas. Para otra vez escribir\u00e9 m\u00e1s largo.&nbsp;<\/p>\n\n\n\n<p>Mucho agradec\u00ed su carta que me vino a confirmar en mi resoluci\u00f3n; ya que he visto que Dios me ha dado cualidades para esa vida de oraci\u00f3n y de soledad.&nbsp;<\/p>\n\n\n\n<p>Rece mucho por mi para que corresponda a tantas gracias, pues me considero cada d\u00eda m\u00e1s indigna. Si soy carmelita, mi nombre ser\u00e1 Teresa de Jes\u00fas, nombre que considero muy grande para mi peque\u00f1ez en virtudes.&nbsp;<\/p>\n\n\n\n<p>Aqu\u00ed no puedo comulgar. Tengo hambre de mi Jes\u00fas. Acu\u00e9rdese de mi en la santa Misa siquiera una vez, Rdo. Padre,&nbsp;<\/p>\n\n\n\n<p>Juana<\/p>\n","protected":false},"excerpt":{"rendered":"<p>San Pablo, 22 de enero de 1919&nbsp; Reverendo Padre:&nbsp; Aprovecho que escribe mi mam\u00e1 para enviar la m\u00eda. Tuve la felicidad, gracias a N. Se\u00f1or, de conocer el conventito de Los Andes. S\u00f3lo su vista, de aspecto pobr\u00edsimo, me encant\u00f3. Mucho cambio se ha producido en mi desde entonces ac\u00e1. Estoy resuelta enteramente a ser [&hellip;]<\/p>\n","protected":false},"author":1,"featured_media":583,"comment_status":"closed","ping_status":"open","sticky":false,"template":"","format":"standard","meta":[],"categories":[17,4],"tags":[],"_links":{"self":[{"href":"https:\/\/santateresadelosandes.org\/index.php\/wp-json\/wp\/v2\/posts\/239"}],"collection":[{"href":"https:\/\/santateresadelosandes.org\/index.php\/wp-json\/wp\/v2\/posts"}],"about":[{"href":"https:\/\/santateresadelosandes.org\/index.php\/wp-json\/wp\/v2\/types\/post"}],"author":[{"embeddable":true,"href":"https:\/\/santateresadelosandes.org\/index.php\/wp-json\/wp\/v2\/users\/1"}],"replies":[{"embeddable":true,"href":"https:\/\/santateresadelosandes.org\/index.php\/wp-json\/wp\/v2\/comments?post=239"}],"version-history":[{"count":1,"href":"https:\/\/santateresadelosandes.org\/index.php\/wp-json\/wp\/v2\/posts\/239\/revisions"}],"predecessor-version":[{"id":240,"href":"https:\/\/santateresadelosandes.org\/index.php\/wp-json\/wp\/v2\/posts\/239\/revisions\/240"}],"wp:featuredmedia":[{"embeddable":true,"href":"https:\/\/santateresadelosandes.org\/index.php\/wp-json\/wp\/v2\/media\/583"}],"wp:attachment":[{"href":"https:\/\/santateresadelosandes.org\/index.php\/wp-json\/wp\/v2\/media?parent=239"}],"wp:term":[{"taxonomy":"category","embeddable":true,"href":"https:\/\/santateresadelosandes.org\/index.php\/wp-json\/wp\/v2\/categories?post=239"},{"taxonomy":"post_tag","embeddable":true,"href":"https:\/\/santateresadelosandes.org\/index.php\/wp-json\/wp\/v2\/tags?post=239"}],"curies":[{"name":"wp","href":"https:\/\/api.w.org\/{rel}","templated":true}]}}