{"id":24,"date":"2020-07-01T13:12:34","date_gmt":"2020-07-01T17:12:34","guid":{"rendered":"http:\/\/santateresadelosandes.org\/?p=24"},"modified":"2020-07-13T18:23:32","modified_gmt":"2020-07-13T22:23:32","slug":"2-regalona-de-todos-mi-familia","status":"publish","type":"post","link":"https:\/\/santateresadelosandes.org\/index.php\/2020\/07\/01\/2-regalona-de-todos-mi-familia\/","title":{"rendered":"2. Regalona de todos. Mi familia"},"content":{"rendered":"\n<p>Nac\u00ed en 1900, el d\u00eda 13 de julio. Mi mam\u00e1 se llama Luc\u00eda Solar de Fern\u00e1ndez y mi pap\u00e1 Miguel Fern\u00e1ndez Jara.<\/p>\n\n\n\n<p>Viv\u00edamos con mi abuelito, anciano ya. Se llamaba Eulogio Solar. Se puede decir que era un santo, pues todo el d\u00eda se le ve\u00eda pasando las cuentas de su rosario.<\/p>\n\n\n\n<p>Jes\u00fas no quiso que naciese como El, pobre. Y nac\u00ed en medio de las riquezas, regalona de todos.<\/p>\n\n\n\n<p>Yo era la cuarta. La primera se llamaba Luc\u00eda, que ten\u00eda siete a\u00f1os, Miguel el segundo, seis a\u00f1os y Lucho, el tercero, ten\u00eda tres a\u00f1os. En casa de mi abuelito viv\u00eda mi t\u00eda Juanita Solar con cuatro ni\u00f1os. Ya se hab\u00eda muerto mi t\u00edo Luis Alberto Dom\u00ednguez. El mayor de mis primos ten\u00eda trece a\u00f1os y el menor cinco. Viv\u00eda tambi\u00e9n mi t\u00eda Teresa Vicu\u00f1a, con dos ni\u00f1os. Uno se hab\u00eda muerto chico. El mayor se llamaba Tom\u00e1s Bernardo (el nombre de mi t\u00edo). La segunda Teresita, ten\u00eda ocho a\u00f1os. Tambi\u00e9n viv\u00eda mi t\u00edo Francisco, que era soltero. Ten\u00eda 23 a\u00f1os.<\/p>\n\n\n\n<p>Poco despu\u00e9s naci\u00f3 la Rebeca; con a\u00f1o y ocho meses de diferencia conmigo. Era yo, aunque tan regalona, muy t\u00edmida. La Rebeca era lo contrario. Las dos \u00e9ramos muy regalonas. Hac\u00edamos con mi abuelito lo que quer\u00edamos y le enga\u00f1\u00e1bamos con besos y caricias.<\/p>\n\n\n\n<p>A m\u00ed, desde chica, me dec\u00edan que era la m\u00e1s bonita de mis hermanos y yo no me daba cuenta de ello. Pero esas mismas palabras me las repet\u00edan cuando m\u00e1s grande, a escondidas de mi mam\u00e1, que no le gustaba. S\u00f3lo Dios sabe lo que me cost\u00f3 desterrar este orgullo o vanidad que se apoder\u00f3 de mi coraz\u00f3n cuando estuve m\u00e1s grande. Mi car\u00e1cter era t\u00edmido, de un coraz\u00f3n muy sensible. Por todo lloraba, pero ten\u00eda un car\u00e1cter sumamente suave; yo jam\u00e1s rabiaba con nadie.<\/p>\n","protected":false},"excerpt":{"rendered":"<p>Nac\u00ed en 1900, el d\u00eda 13 de julio. Mi mam\u00e1 se llama Luc\u00eda Solar de Fern\u00e1ndez y mi pap\u00e1 Miguel Fern\u00e1ndez Jara. Viv\u00edamos con mi abuelito, anciano ya. Se llamaba Eulogio Solar. Se puede decir que era un santo, pues todo el d\u00eda se le ve\u00eda pasando las cuentas de su rosario. Jes\u00fas no quiso [&hellip;]<\/p>\n","protected":false},"author":1,"featured_media":568,"comment_status":"closed","ping_status":"open","sticky":false,"template":"","format":"standard","meta":[],"categories":[8,2],"tags":[],"_links":{"self":[{"href":"https:\/\/santateresadelosandes.org\/index.php\/wp-json\/wp\/v2\/posts\/24"}],"collection":[{"href":"https:\/\/santateresadelosandes.org\/index.php\/wp-json\/wp\/v2\/posts"}],"about":[{"href":"https:\/\/santateresadelosandes.org\/index.php\/wp-json\/wp\/v2\/types\/post"}],"author":[{"embeddable":true,"href":"https:\/\/santateresadelosandes.org\/index.php\/wp-json\/wp\/v2\/users\/1"}],"replies":[{"embeddable":true,"href":"https:\/\/santateresadelosandes.org\/index.php\/wp-json\/wp\/v2\/comments?post=24"}],"version-history":[{"count":1,"href":"https:\/\/santateresadelosandes.org\/index.php\/wp-json\/wp\/v2\/posts\/24\/revisions"}],"predecessor-version":[{"id":25,"href":"https:\/\/santateresadelosandes.org\/index.php\/wp-json\/wp\/v2\/posts\/24\/revisions\/25"}],"wp:featuredmedia":[{"embeddable":true,"href":"https:\/\/santateresadelosandes.org\/index.php\/wp-json\/wp\/v2\/media\/568"}],"wp:attachment":[{"href":"https:\/\/santateresadelosandes.org\/index.php\/wp-json\/wp\/v2\/media?parent=24"}],"wp:term":[{"taxonomy":"category","embeddable":true,"href":"https:\/\/santateresadelosandes.org\/index.php\/wp-json\/wp\/v2\/categories?post=24"},{"taxonomy":"post_tag","embeddable":true,"href":"https:\/\/santateresadelosandes.org\/index.php\/wp-json\/wp\/v2\/tags?post=24"}],"curies":[{"name":"wp","href":"https:\/\/api.w.org\/{rel}","templated":true}]}}