{"id":26,"date":"2020-07-01T13:16:41","date_gmt":"2020-07-01T17:16:41","guid":{"rendered":"http:\/\/santateresadelosandes.org\/?p=26"},"modified":"2020-07-13T18:23:32","modified_gmt":"2020-07-13T22:23:32","slug":"3-deseos-de-comulgar-el-colegio-1906","status":"publish","type":"post","link":"https:\/\/santateresadelosandes.org\/index.php\/2020\/07\/01\/3-deseos-de-comulgar-el-colegio-1906\/","title":{"rendered":"3. Deseos de comulgar. El colegio\/ 1906"},"content":{"rendered":"\n<p>Cuando vino el terremoto de 1906, al poco tiempo fue cuando Jes\u00fas principi\u00f3 a tomar mi coraz\u00f3n para s\u00ed.<\/p>\n\n\n\n<p>Me acuerdo que mi mam\u00e1 con mi t\u00eda Juanita nos llevaban a misa y siempre nos explicaban todo; y yo, en la misa, cuando llegaba la Comuni\u00f3n, me encend\u00eda de deseos de recibir a Nuestro Se\u00f1or. Ped\u00eda a mi mam\u00e1 este favor, pero gracias a Dios que no me encontr\u00f3 preparada para este sublime acto. Me acuerdo que mam\u00e1 y mi t\u00eda Juanita me sentaban en la mesa y me preguntaban acerca de la Eucarist\u00eda. Yo contestaba a sus preguntas; pero, como me ve\u00edan muy chica, no me dejaban hacerla.<\/p>\n\n\n\n<p>A los siete a\u00f1os me confes\u00e9. Nos prepararon en las Monjas.<\/p>\n\n\n\n<p>Pero antes, quiero contarle mi entrada en el colegio. Mi abuelito no quer\u00eda ni por nada que entr\u00e1ramos, hasta que al fin, mi mam\u00e1 venci\u00f3 y me puso en las Teresianas. Iba despu\u00e9s de almuerzo y sal\u00eda a las cinco; pero no iba casi nunca. Y al mes me sacaron porque, habiendo notado yo que las maestras no vigilaban bastante en los recreos y que una chiquilla no era muy decente, cont\u00e9 a mi mam\u00e1 lo sucedido.<\/p>\n\n\n\n<p>Mi mam\u00e1 fue a reclamar. Por lo que, enojada la Madre Superiora, me separaron el d\u00eda de las notas, y me dieron mala nota, y despu\u00e9s me ret\u00f3 diciendo que esas cosas no se dec\u00edan. Yo me extra\u00f1\u00e9 porque siempre me hab\u00edan dicho que deb\u00eda contar todo a mi mam\u00e1. Me dejaron castigada. Llor\u00e9\u201a much\u00edsimo y cuando llegu\u00e9 a la casa, mi mam\u00e1 le escribi\u00f3 una carta a la Superiora dici\u00e9ndole que no volver\u00eda. Yo me alegr\u00e9, porque las chiquillas eran muy peleadoras. Hab\u00eda una con la que sufr\u00eda porque siempre buscaba hacerme mal. Siempre cuando \u00edbamos a la capilla, me sacaba el velo. Yo chica, no sab\u00eda defenderme. Ten\u00eda una prima que le pegaban much\u00edsimo y yo la ten\u00eda que defender. A m\u00ed las otras me quer\u00edan. En fin, no guardo cari\u00f1o [por] ese colegio, aunque ah\u00ed aprend\u00ed a leer.<\/p>\n","protected":false},"excerpt":{"rendered":"<p>Cuando vino el terremoto de 1906, al poco tiempo fue cuando Jes\u00fas principi\u00f3 a tomar mi coraz\u00f3n para s\u00ed. Me acuerdo que mi mam\u00e1 con mi t\u00eda Juanita nos llevaban a misa y siempre nos explicaban todo; y yo, en la misa, cuando llegaba la Comuni\u00f3n, me encend\u00eda de deseos de recibir a Nuestro Se\u00f1or. [&hellip;]<\/p>\n","protected":false},"author":1,"featured_media":568,"comment_status":"closed","ping_status":"open","sticky":false,"template":"","format":"standard","meta":[],"categories":[8,2],"tags":[],"_links":{"self":[{"href":"https:\/\/santateresadelosandes.org\/index.php\/wp-json\/wp\/v2\/posts\/26"}],"collection":[{"href":"https:\/\/santateresadelosandes.org\/index.php\/wp-json\/wp\/v2\/posts"}],"about":[{"href":"https:\/\/santateresadelosandes.org\/index.php\/wp-json\/wp\/v2\/types\/post"}],"author":[{"embeddable":true,"href":"https:\/\/santateresadelosandes.org\/index.php\/wp-json\/wp\/v2\/users\/1"}],"replies":[{"embeddable":true,"href":"https:\/\/santateresadelosandes.org\/index.php\/wp-json\/wp\/v2\/comments?post=26"}],"version-history":[{"count":1,"href":"https:\/\/santateresadelosandes.org\/index.php\/wp-json\/wp\/v2\/posts\/26\/revisions"}],"predecessor-version":[{"id":27,"href":"https:\/\/santateresadelosandes.org\/index.php\/wp-json\/wp\/v2\/posts\/26\/revisions\/27"}],"wp:featuredmedia":[{"embeddable":true,"href":"https:\/\/santateresadelosandes.org\/index.php\/wp-json\/wp\/v2\/media\/568"}],"wp:attachment":[{"href":"https:\/\/santateresadelosandes.org\/index.php\/wp-json\/wp\/v2\/media?parent=26"}],"wp:term":[{"taxonomy":"category","embeddable":true,"href":"https:\/\/santateresadelosandes.org\/index.php\/wp-json\/wp\/v2\/categories?post=26"},{"taxonomy":"post_tag","embeddable":true,"href":"https:\/\/santateresadelosandes.org\/index.php\/wp-json\/wp\/v2\/tags?post=26"}],"curies":[{"name":"wp","href":"https:\/\/api.w.org\/{rel}","templated":true}]}}