{"id":275,"date":"2020-07-01T18:09:15","date_gmt":"2020-07-01T22:09:15","guid":{"rendered":"http:\/\/santateresadelosandes.org\/?p=275"},"modified":"2020-07-13T18:21:34","modified_gmt":"2020-07-13T22:21:34","slug":"71-a-su-padre-22-de-marzo-de-1919","status":"publish","type":"post","link":"https:\/\/santateresadelosandes.org\/index.php\/2020\/07\/01\/71-a-su-padre-22-de-marzo-de-1919\/","title":{"rendered":"71. A su padre 22 de marzo de 1919"},"content":{"rendered":"\n<p>Bucalemu, 22 de marzo de 1919&nbsp;<\/p>\n\n\n\n<p>Mi papacito tan querido:&nbsp;<\/p>\n\n\n\n<p>Hacia varios d\u00edas estaba por escribirle; pero ya comprender\u00e1 que no paro un instante. No se imagina cu\u00e1nto lo recuerdo en este fundo tan precioso y las ganas que me dan de \u00edrmelo a robar para que descanse siquiera una semana de su penoso trabajo.&nbsp;<\/p>\n\n\n\n<p>He salido mucho a caballo y estoy encantada con subir y bajar cerros, pues me parece me encuentro en Chacabuco. Aqu\u00ed est\u00e1n admirados porque no me canso, y me dicen soy una verdadera amazona. No dejar\u00eda de ser una verg\u00fcenza si no lo fuera&#8230;&nbsp;<\/p>\n\n\n\n<p>La pena m\u00e1s grande tuve porque no vino la Rebeca. Pobrecita. Pero las monjas no quisieron ni por nada.&nbsp;<\/p>\n\n\n\n<p>Nos vamos el lunes a Santigo. V\u00e1yase Ud. pronto, pues tengo ansias de verlo. \u00bfC\u00f3mo le va en su trabajo? \u00bfY las cosechas c\u00f3mo han sido? No sabe, papacito, lo que rezo por el buen \u00e9xito de ellas. Espero que Dios nos oir\u00e1, porque a la Sma. Virgen a quien he puesto por intercesora, nada niega; lo mismo que a San Jos\u00e9, a quien estoy rezando el mes por V. Por favor, cu\u00e9nteme todo, papachito, y&nbsp;<\/p>\n\n\n\n<p>aunque es cierto que poco consuelo le puedo dar, a lo menos le sirve para desahogarse. No sabe lo feliz que me har\u00eda si lo hiciera. Es tan grato para una hija el compartir los sufrimientos con su padre, ser el sost\u00e9n y el apoyo en el \u00e1spero camino de la vida de aquel a quien, despu\u00e9s de Dios, se le debe todo&#8230; S\u00ed, papacito; eso es lo que yo quiero: mostrarle el cielo para que no sucumba bajo el peso de la cruz.&nbsp;<\/p>\n\n\n\n<p>Adi\u00f3s, pichito querido. Cuando se sienta muy solo, haga cuenta que estoy a su lado, pues con el pensamiento lo estoy constantemente. Por muy bien que lo pase, siempre recordar\u00e9 los d\u00edas felices que pas\u00e9 junto a Ud. Ese recuerdo ocupar\u00e1 en mi coraz\u00f3n un sitio aparte que nadie penetrar\u00e1.&nbsp;<\/p>\n\n\n\n<p>Reciba mil saludos de mis t\u00edos y primos. Y de mi mam\u00e1, Lucho y Nanito un abrazo muy cari\u00f1oso, con mil besos que le env\u00eda su hija que m\u00e1s lo quiere&nbsp;<\/p>\n\n\n\n<p>Juana<\/p>\n","protected":false},"excerpt":{"rendered":"<p>Bucalemu, 22 de marzo de 1919&nbsp; Mi papacito tan querido:&nbsp; Hacia varios d\u00edas estaba por escribirle; pero ya comprender\u00e1 que no paro un instante. No se imagina cu\u00e1nto lo recuerdo en este fundo tan precioso y las ganas que me dan de \u00edrmelo a robar para que descanse siquiera una semana de su penoso trabajo.&nbsp; [&hellip;]<\/p>\n","protected":false},"author":1,"featured_media":584,"comment_status":"closed","ping_status":"open","sticky":false,"template":"","format":"standard","meta":[],"categories":[17,4],"tags":[],"_links":{"self":[{"href":"https:\/\/santateresadelosandes.org\/index.php\/wp-json\/wp\/v2\/posts\/275"}],"collection":[{"href":"https:\/\/santateresadelosandes.org\/index.php\/wp-json\/wp\/v2\/posts"}],"about":[{"href":"https:\/\/santateresadelosandes.org\/index.php\/wp-json\/wp\/v2\/types\/post"}],"author":[{"embeddable":true,"href":"https:\/\/santateresadelosandes.org\/index.php\/wp-json\/wp\/v2\/users\/1"}],"replies":[{"embeddable":true,"href":"https:\/\/santateresadelosandes.org\/index.php\/wp-json\/wp\/v2\/comments?post=275"}],"version-history":[{"count":1,"href":"https:\/\/santateresadelosandes.org\/index.php\/wp-json\/wp\/v2\/posts\/275\/revisions"}],"predecessor-version":[{"id":276,"href":"https:\/\/santateresadelosandes.org\/index.php\/wp-json\/wp\/v2\/posts\/275\/revisions\/276"}],"wp:featuredmedia":[{"embeddable":true,"href":"https:\/\/santateresadelosandes.org\/index.php\/wp-json\/wp\/v2\/media\/584"}],"wp:attachment":[{"href":"https:\/\/santateresadelosandes.org\/index.php\/wp-json\/wp\/v2\/media?parent=275"}],"wp:term":[{"taxonomy":"category","embeddable":true,"href":"https:\/\/santateresadelosandes.org\/index.php\/wp-json\/wp\/v2\/categories?post=275"},{"taxonomy":"post_tag","embeddable":true,"href":"https:\/\/santateresadelosandes.org\/index.php\/wp-json\/wp\/v2\/tags?post=275"}],"curies":[{"name":"wp","href":"https:\/\/api.w.org\/{rel}","templated":true}]}}