{"id":29,"date":"2020-07-01T13:17:49","date_gmt":"2020-07-01T17:17:49","guid":{"rendered":"http:\/\/santateresadelosandes.org\/?p=29"},"modified":"2020-07-13T18:23:16","modified_gmt":"2020-07-13T22:23:16","slug":"4-murio-mi-abuelito-1907","status":"publish","type":"post","link":"https:\/\/santateresadelosandes.org\/index.php\/2020\/07\/01\/4-murio-mi-abuelito-1907\/","title":{"rendered":"4. Muri\u00f3 mi abuelito\/ 1907"},"content":{"rendered":"\n<p>En 1907, muri\u00f3 mi abuelito como un santo. Me acuerdo perfectamente cuando nos fuimos al fundo &#8211; a Chacabuco &#8211; que estaba tan bien. Mi t\u00eda Teresa con los dos ni\u00f1os se fue con \u00e9l y con nosotros, de quien no se separaba.<\/p>\n\n\n\n<p>Todas las tardes nos hac\u00eda subir a caballo, sacando al cara o sello qui\u00e9n ser\u00eda la primera. Siempre sal\u00eda la Rebeca. Estaba bien, cuando una noche le vino el ataque de par\u00e1lisis. Inmediatamente se lo trajo mi t\u00eda por tierra a Santiago, donde luego le dijeron que estaba sin remedio. Lo hac\u00edan sufrir con los remedios m\u00e1s terribles. Al fin mi pobre viejito no sab\u00eda c\u00f3mo estaba. El 13 de mayo, d\u00eda de su muerte, recibi\u00f3 los Sacramentos. Llam\u00f3 a sus hijos. Los aconsej\u00f3. Al lado de su pieza estaba el oratorio. Principi\u00f3 a decirse la misa cuando lo vieron que ten\u00eda una cara de espanto y dec\u00eda qu\u00edtenlo y se cubr\u00eda la cara con las manos. Eran las terribles tentaciones del demonio. Mi mam\u00e1&nbsp; le ech\u00f3 agua bendita y se fue el diablo. Despu\u00e9s, lo tent\u00f3 otra vez, y se fue para que su muerte fuera como su vida: en paz. Al levantar en la Consagraci\u00f3n la Santa Hostia su alma se vol\u00f3 al cielo sin haberlo notado nadie. Parec\u00eda dormido. Su muerte fue la de un santo. Como lo fue su vida.<\/p>\n\n\n\n<p>Inmediatamente se nos avis\u00f3 a Chacabuco. Me acuerdo que estaba en cama durmiendo y nos fueron a avisar. Nosotras, chicas, no nos dimos mucha cuenta; pero no lloramos porque a Lucho, mi hermano sumamente enfermizo que hac\u00eda poco se hab\u00eda escapado de la muerte, no le quer\u00edan decir. As\u00ed es que nosotras, sin hacer mucho esfuerzo, nos quedamos bien calladas. Cuando hac\u00eda rato nos estaban vistiendo, Lucho principia a gritar y a llorar amargamente. Fueron a verlo y dec\u00eda: \u00ab\u00bfPor qu\u00e9\u201a me han enga\u00f1ado? \u00bfPor qu\u00e9\u201a no me han avisado? Mi tata ha muerto\u00bb. Y lloraba a mares. No se supo c\u00f3mo lo hab\u00eda sabido, pues nadie se lo hab\u00eda dicho. Mi tata se lo avis\u00f3 mientras dorm\u00eda.<\/p>\n\n\n\n<p>A los pocos d\u00edas lleg\u00f3 mi t\u00edo Francisco llorando y diciendo las cosas m\u00e1s tristes, con lo que yo me puse a llorar, pero a mares, no pudi\u00e9ndome consolar. Nos trajeron a Santiago y al encontrar la pieza vac\u00eda, me hizo una impresi\u00f3n tan grande que me parec\u00eda que todo se hab\u00eda acabado. Y andaba tan triste como no es posible imaginarse.<\/p>\n\n\n\n<p>Al poco tiempo remataron la casa y el fundo, que lo dividieron en tres hijuelas. Con la hijuela del medio se qued\u00f3 don Salvador Huidobro; con la de la cuesta, mi t\u00edo Francisco, y [con] la de los Ba\u00f1os, mi mam\u00e1&nbsp;. Con la casa de Santiago se qued\u00f3 mi t\u00edo Eugenio.<\/p>\n\n\n\n<p>Nosotros nos cambiamos a la Calle Santo Domingo casa como la otra, llena para m\u00ed de recuerdos muy gratos. Me pas\u00f3 aqu\u00ed una cosa digna de contarse. En la noche cuando se nos apagaba la luz del cuarto pero todav\u00eda quedaba la luz del cuarto de mi mamita, yo ve\u00eda aparecer a mi tatacito a los pies de la cama de la Rebeca; pero lo ve\u00eda nada m\u00e1s que la mitad del cuerpo. Se me apareci\u00f3 ocho d\u00edas seguidos. Yo me mor\u00eda de susto y me pasaba a la cama de la Rebeca. Desde all\u00ed no lo ve\u00eda.<\/p>\n","protected":false},"excerpt":{"rendered":"<p>En 1907, muri\u00f3 mi abuelito como un santo. Me acuerdo perfectamente cuando nos fuimos al fundo &#8211; a Chacabuco &#8211; que estaba tan bien. Mi t\u00eda Teresa con los dos ni\u00f1os se fue con \u00e9l y con nosotros, de quien no se separaba. Todas las tardes nos hac\u00eda subir a caballo, sacando al cara o [&hellip;]<\/p>\n","protected":false},"author":1,"featured_media":568,"comment_status":"closed","ping_status":"open","sticky":false,"template":"","format":"standard","meta":[],"categories":[8,2],"tags":[],"_links":{"self":[{"href":"https:\/\/santateresadelosandes.org\/index.php\/wp-json\/wp\/v2\/posts\/29"}],"collection":[{"href":"https:\/\/santateresadelosandes.org\/index.php\/wp-json\/wp\/v2\/posts"}],"about":[{"href":"https:\/\/santateresadelosandes.org\/index.php\/wp-json\/wp\/v2\/types\/post"}],"author":[{"embeddable":true,"href":"https:\/\/santateresadelosandes.org\/index.php\/wp-json\/wp\/v2\/users\/1"}],"replies":[{"embeddable":true,"href":"https:\/\/santateresadelosandes.org\/index.php\/wp-json\/wp\/v2\/comments?post=29"}],"version-history":[{"count":1,"href":"https:\/\/santateresadelosandes.org\/index.php\/wp-json\/wp\/v2\/posts\/29\/revisions"}],"predecessor-version":[{"id":30,"href":"https:\/\/santateresadelosandes.org\/index.php\/wp-json\/wp\/v2\/posts\/29\/revisions\/30"}],"wp:featuredmedia":[{"embeddable":true,"href":"https:\/\/santateresadelosandes.org\/index.php\/wp-json\/wp\/v2\/media\/568"}],"wp:attachment":[{"href":"https:\/\/santateresadelosandes.org\/index.php\/wp-json\/wp\/v2\/media?parent=29"}],"wp:term":[{"taxonomy":"category","embeddable":true,"href":"https:\/\/santateresadelosandes.org\/index.php\/wp-json\/wp\/v2\/categories?post=29"},{"taxonomy":"post_tag","embeddable":true,"href":"https:\/\/santateresadelosandes.org\/index.php\/wp-json\/wp\/v2\/tags?post=29"}],"curies":[{"name":"wp","href":"https:\/\/api.w.org\/{rel}","templated":true}]}}