{"id":302,"date":"2020-07-01T18:15:16","date_gmt":"2020-07-01T22:15:16","guid":{"rendered":"http:\/\/santateresadelosandes.org\/?p=302"},"modified":"2020-07-13T18:21:20","modified_gmt":"2020-07-13T22:21:20","slug":"84-a-herminia-valdes-ossa-17-de-abril-de-1919","status":"publish","type":"post","link":"https:\/\/santateresadelosandes.org\/index.php\/2020\/07\/01\/84-a-herminia-valdes-ossa-17-de-abril-de-1919\/","title":{"rendered":"84. A Herminia Vald\u00e9s Ossa 17 de abril de 1919"},"content":{"rendered":"\n<p>Santiago, 17 de abril de 1919&nbsp;<\/p>\n\n\n\n<p>Se\u00f1orita Herminia Vald\u00e9s 0.&nbsp;<\/p>\n\n\n\n<p>Mi querida Gordita:&nbsp;<\/p>\n\n\n\n<p>Mucho sent\u00ed tener que dejar la compa\u00f1\u00eda de mis primas las m\u00e1s queridas, y las recuerdo a cada momento, pues me hacen mucha falta.&nbsp;<\/p>\n\n\n\n<p>A nombre m\u00edo, le da las gracias a tu mam\u00e1 y pap\u00e1 por todos sus cari\u00f1os que llegan a confundirme, porque no merezco tanto.&nbsp;<\/p>\n\n\n\n<p>Tu encargo no lo he podido cumplir por ser semana santa; y por lo tanto no he podido hablar con la persona encargada del asunto. No te imaginas lo mucho que he tenido que trajinar en estos d\u00edas.&nbsp;<\/p>\n\n\n\n<p>Adi\u00f3s. No te escribo largo porque voy a comer. Creo que habr\u00e1s cumplido con lo que te encargu\u00e9. Saludos muy cari\u00f1osos y agradecidos a mis t\u00edos, a la Maria y Pepe y a cada uno de los miembros de esa simp\u00e1tica familia. A la Elisita le dir\u00e1s que ma\u00f1ana, viernes, a las 3, la tendr\u00e9 muy presente; lo mismo a ti, pichita querida.&nbsp;<\/p>\n\n\n\n<p>Te abraza y besa tu Juana&nbsp;<\/p>\n\n\n\n<p>Saludos a misia Carmela y familia.<\/p>\n","protected":false},"excerpt":{"rendered":"<p>Santiago, 17 de abril de 1919&nbsp; Se\u00f1orita Herminia Vald\u00e9s 0.&nbsp; Mi querida Gordita:&nbsp; Mucho sent\u00ed tener que dejar la compa\u00f1\u00eda de mis primas las m\u00e1s queridas, y las recuerdo a cada momento, pues me hacen mucha falta.&nbsp; A nombre m\u00edo, le da las gracias a tu mam\u00e1 y pap\u00e1 por todos sus cari\u00f1os que llegan [&hellip;]<\/p>\n","protected":false},"author":1,"featured_media":586,"comment_status":"closed","ping_status":"open","sticky":false,"template":"","format":"standard","meta":[],"categories":[17,4],"tags":[],"_links":{"self":[{"href":"https:\/\/santateresadelosandes.org\/index.php\/wp-json\/wp\/v2\/posts\/302"}],"collection":[{"href":"https:\/\/santateresadelosandes.org\/index.php\/wp-json\/wp\/v2\/posts"}],"about":[{"href":"https:\/\/santateresadelosandes.org\/index.php\/wp-json\/wp\/v2\/types\/post"}],"author":[{"embeddable":true,"href":"https:\/\/santateresadelosandes.org\/index.php\/wp-json\/wp\/v2\/users\/1"}],"replies":[{"embeddable":true,"href":"https:\/\/santateresadelosandes.org\/index.php\/wp-json\/wp\/v2\/comments?post=302"}],"version-history":[{"count":1,"href":"https:\/\/santateresadelosandes.org\/index.php\/wp-json\/wp\/v2\/posts\/302\/revisions"}],"predecessor-version":[{"id":303,"href":"https:\/\/santateresadelosandes.org\/index.php\/wp-json\/wp\/v2\/posts\/302\/revisions\/303"}],"wp:featuredmedia":[{"embeddable":true,"href":"https:\/\/santateresadelosandes.org\/index.php\/wp-json\/wp\/v2\/media\/586"}],"wp:attachment":[{"href":"https:\/\/santateresadelosandes.org\/index.php\/wp-json\/wp\/v2\/media?parent=302"}],"wp:term":[{"taxonomy":"category","embeddable":true,"href":"https:\/\/santateresadelosandes.org\/index.php\/wp-json\/wp\/v2\/categories?post=302"},{"taxonomy":"post_tag","embeddable":true,"href":"https:\/\/santateresadelosandes.org\/index.php\/wp-json\/wp\/v2\/tags?post=302"}],"curies":[{"name":"wp","href":"https:\/\/api.w.org\/{rel}","templated":true}]}}