{"id":316,"date":"2020-07-01T18:18:38","date_gmt":"2020-07-01T22:18:38","guid":{"rendered":"http:\/\/santateresadelosandes.org\/?p=316"},"modified":"2020-07-13T18:21:20","modified_gmt":"2020-07-13T22:21:20","slug":"91-a-su-padre-1-de-mayo-de-1919","status":"publish","type":"post","link":"https:\/\/santateresadelosandes.org\/index.php\/2020\/07\/01\/91-a-su-padre-1-de-mayo-de-1919\/","title":{"rendered":"91. A su padre 1 de mayo de 1919"},"content":{"rendered":"\n<p>Santiago, 1\u00b0 de mayo de 1919&nbsp;<\/p>\n\n\n\n<p>Se\u00f1or Miguel Fern\u00e1ndez Jara&nbsp;<\/p>\n\n\n\n<p>Mi papacito querido:&nbsp;<\/p>\n\n\n\n<p>Su carta tan deseada la recib\u00ed, por fin, el s\u00e1bado y como he tenido mucho que hacer, no hab\u00eda \u00a1podido contest\u00e1rsela.&nbsp;<\/p>\n\n\n\n<p>Le aseguro, me siento orgullosa de tener un padre como el que Dios me ha dado. Doy gracias mil veces al cielo de ser su hija. \u00a1Cu\u00e1nto le agradezco su generoso consentimiento y todos los sen-timientos que me expresa en su carta! Verdaderamente goc\u00e9 con el la.&nbsp;<\/p>\n\n\n\n<p>Lo \u00fanico que le pido es que se venga pronto, antes de irme, pues ser\u00eda la pena m\u00e1s grande, si tuviera que renunciar a abrazarlo y besarlo por \u00faltima vez. Le aseguro que s\u00f3lo la idea de que no se venga me produce una pena tan intensa, que llega a convertirse en desfallecimiento f\u00edsico. Papacito lindo venga por caridad. No puedo resignarme a no darle mi \u00faltimo beso y cari\u00f1o. Acu\u00e9rdese que lo quiero con locura. No puedo creer que Dios quiera someterme a esta horrible prueba; pero en fin, que se cumpla su adorable voluntad.&nbsp;<\/p>\n\n\n\n<p>Mi medalla de oro -que jam\u00e1s se ha separado de m\u00ed salvo cuando se la prest\u00e9 a Ud.- se la he reservado, para que la conserve como un recuerdo de su hija su vida entera. Es muy milagrosa. Siempre que la he besado pidi\u00e9ndole a la Sma. Virgen alguna gracia, me la ha concedido.&nbsp;<\/p>\n\n\n\n<p>\u00bfY sus chacras? Dios permita que le vayan bien. No se imagina, mi papacito, c\u00f3mo se lo pido.&nbsp;<\/p>\n\n\n\n<p>Adi\u00f3s. Estoy muy apurada, porque tengo que ir a hacer visitas. Cu\u00e1nto me gustar\u00eda conversar con Ud. otro ratito. Todos est\u00e1n muy bien. La Isabel est\u00e1 muy contenta, tanto con los patrones como con la guagua.&nbsp;<\/p>\n\n\n\n<p>Reciba muchos recuerdos de mi mamacita y hermanos, y Ud., mi pichito querido, reciba todo el inmenso cari\u00f1o de su hija en un beso y abrazo apretado.&nbsp;<\/p>\n\n\n\n<p>Juana&nbsp;<\/p>\n\n\n\n<p>Miguel se ha portado muy bien y le estoy muy agradecida. Todo se lo debo a Ud. Gracias, mil veces gracias. Que Dios se lo pague\/ papacito querido. Saludos a Adelaida y chiquillas.<\/p>\n","protected":false},"excerpt":{"rendered":"<p>Santiago, 1\u00b0 de mayo de 1919&nbsp; Se\u00f1or Miguel Fern\u00e1ndez Jara&nbsp; Mi papacito querido:&nbsp; Su carta tan deseada la recib\u00ed, por fin, el s\u00e1bado y como he tenido mucho que hacer, no hab\u00eda \u00a1podido contest\u00e1rsela.&nbsp; Le aseguro, me siento orgullosa de tener un padre como el que Dios me ha dado. Doy gracias mil veces al [&hellip;]<\/p>\n","protected":false},"author":1,"featured_media":586,"comment_status":"closed","ping_status":"open","sticky":false,"template":"","format":"standard","meta":[],"categories":[17,4],"tags":[],"_links":{"self":[{"href":"https:\/\/santateresadelosandes.org\/index.php\/wp-json\/wp\/v2\/posts\/316"}],"collection":[{"href":"https:\/\/santateresadelosandes.org\/index.php\/wp-json\/wp\/v2\/posts"}],"about":[{"href":"https:\/\/santateresadelosandes.org\/index.php\/wp-json\/wp\/v2\/types\/post"}],"author":[{"embeddable":true,"href":"https:\/\/santateresadelosandes.org\/index.php\/wp-json\/wp\/v2\/users\/1"}],"replies":[{"embeddable":true,"href":"https:\/\/santateresadelosandes.org\/index.php\/wp-json\/wp\/v2\/comments?post=316"}],"version-history":[{"count":1,"href":"https:\/\/santateresadelosandes.org\/index.php\/wp-json\/wp\/v2\/posts\/316\/revisions"}],"predecessor-version":[{"id":317,"href":"https:\/\/santateresadelosandes.org\/index.php\/wp-json\/wp\/v2\/posts\/316\/revisions\/317"}],"wp:featuredmedia":[{"embeddable":true,"href":"https:\/\/santateresadelosandes.org\/index.php\/wp-json\/wp\/v2\/media\/586"}],"wp:attachment":[{"href":"https:\/\/santateresadelosandes.org\/index.php\/wp-json\/wp\/v2\/media?parent=316"}],"wp:term":[{"taxonomy":"category","embeddable":true,"href":"https:\/\/santateresadelosandes.org\/index.php\/wp-json\/wp\/v2\/categories?post=316"},{"taxonomy":"post_tag","embeddable":true,"href":"https:\/\/santateresadelosandes.org\/index.php\/wp-json\/wp\/v2\/tags?post=316"}],"curies":[{"name":"wp","href":"https:\/\/api.w.org\/{rel}","templated":true}]}}