{"id":344,"date":"2020-07-01T18:24:29","date_gmt":"2020-07-01T22:24:29","guid":{"rendered":"http:\/\/santateresadelosandes.org\/?p=344"},"modified":"2020-07-13T18:21:07","modified_gmt":"2020-07-13T22:21:07","slug":"105-a-carmen-de-castro-ortuzar-mayo-de-1919","status":"publish","type":"post","link":"https:\/\/santateresadelosandes.org\/index.php\/2020\/07\/01\/105-a-carmen-de-castro-ortuzar-mayo-de-1919\/","title":{"rendered":"105. A Carmen De Castro Ort\u00fazar mayo de 1919"},"content":{"rendered":"\n<p>J.M.J.T. Convento del Esp\u00edritu Santo, mayo de 1919&nbsp;<\/p>\n\n\n\n<p>Que la gracia del Espiritu Santo sea siempre en el alma de mi querida Carmenchita.&nbsp;<\/p>\n\n\n\n<p>Por fin me doy el gusto de venir a conversar con mi Carmenchita querida. Tu cartita la tengo guardada y no he tenido tiempo de contest\u00e1rtela. Para que te des cuenta de c\u00f3mo vuela el tiempo con El. Sacrifiqu\u00e9monos al par que Jes\u00fas por las almas. Tanto t\u00fa en el mundo como yo en mi pobre celda podemos hacer que la sangre de N. Se\u00f1or no se pierda. Yo bien s\u00e9 que haces todo el bien que est\u00e1 a tu alcance; pero es necesario obrar junto con El, no dejarlo solo pues ya nos ha dicho que ha buscado consoladores y no los ha encontrado. As\u00ed pues, te convido, Carmen, a entrar en el Divino Coraz\u00f3n. All\u00ed vivo sumergida, respirando s\u00f3lo lo divino y consumiendo mis muchas miserias en el fuego de su amor. All\u00ed vivo contemplando la grandeza de su divinidad. Miro primero a Dios -esa Trinidad incomprensible-, me abismo en el seno de mi Padre, de mi Esposo, de mi Santificador, y luego miro a ese Verbo eterno humanado, a mi Divino Jes\u00fas. Entonces, Carmen, es cuando canto mi alabanza de gloria y de amor.&nbsp;<\/p>\n\n\n\n<p>Es necesario que t\u00fa trates de hacerlo as\u00ed. Creo que ahora har\u00e1s todos los d\u00edas meditaci\u00f3n. Pues bien, ese es el momento de acopiar provisiones para todo el d\u00eda; ese es el momento de pensar en la grandeza de Dios y en su amor. Penetrada de ella, todo el d\u00eda estar\u00e1s recogida, amando y alabando. Antes de obrar, renueva tu intenci\u00f3n y hazlo por amor y por cumplir la voluntad de Dios y en uni\u00f3n con el Divino Coraz\u00f3n.&nbsp;<\/p>\n\n\n\n<p>Me gustar\u00eda mucho que leyeras un op\u00fasculo de la vida de una monja de la Visitaci\u00f3n llamada Benigna. P\u00eddesela a la Elvira, que ella la tendr\u00e1. Es precioso el camino que sigui\u00f3 esta alma privilegiada, y muy al alcance de todo el mundo.&nbsp;<\/p>\n\n\n\n<p>\u00a1C\u00f3mo quisiera mostrarte mi celdita! Es el sagrario donde vivo con El solo. Tengo una tarima -la cama-, una mesita bajita, el lavatorio en el suelo, un pisito que no usamos porque nos sentamos en el suelo. La \u00fanica joya de nuestra celda es una gran cruz y una corona de espinas. Tenemos que pasar en la celda muchas horas al d\u00eda. No se sale de ella nada m\u00e1s que para ir al coro, al recreo y otros ejercicios del noviciado. Tenemos que coser o hacer otros trabajos. Vivimos ri\u00e9ndonos y amando. No te imaginas la alegr\u00eda y la confianza y sencillez que reinan. Me encuentro en mi centro .&nbsp;<\/p>\n\n\n\n<p>A Dios. Dales un cari\u00f1oso recuerdo a tu mamacita y hermanos. Diles que no las olvido en mis pobres oraciones. Y a ti te tengo en el Coraz\u00f3n de mi Jes\u00fas.&nbsp;<\/p>\n\n\n\n<p>Tu indigna&nbsp;<\/p>\n\n\n\n<p>Teresa de Jes\u00fas, Carmelita<\/p>\n","protected":false},"excerpt":{"rendered":"<p>J.M.J.T. Convento del Esp\u00edritu Santo, mayo de 1919&nbsp; Que la gracia del Espiritu Santo sea siempre en el alma de mi querida Carmenchita.&nbsp; Por fin me doy el gusto de venir a conversar con mi Carmenchita querida. Tu cartita la tengo guardada y no he tenido tiempo de contest\u00e1rtela. Para que te des cuenta de [&hellip;]<\/p>\n","protected":false},"author":1,"featured_media":587,"comment_status":"closed","ping_status":"open","sticky":false,"template":"","format":"standard","meta":[],"categories":[17,4],"tags":[],"_links":{"self":[{"href":"https:\/\/santateresadelosandes.org\/index.php\/wp-json\/wp\/v2\/posts\/344"}],"collection":[{"href":"https:\/\/santateresadelosandes.org\/index.php\/wp-json\/wp\/v2\/posts"}],"about":[{"href":"https:\/\/santateresadelosandes.org\/index.php\/wp-json\/wp\/v2\/types\/post"}],"author":[{"embeddable":true,"href":"https:\/\/santateresadelosandes.org\/index.php\/wp-json\/wp\/v2\/users\/1"}],"replies":[{"embeddable":true,"href":"https:\/\/santateresadelosandes.org\/index.php\/wp-json\/wp\/v2\/comments?post=344"}],"version-history":[{"count":1,"href":"https:\/\/santateresadelosandes.org\/index.php\/wp-json\/wp\/v2\/posts\/344\/revisions"}],"predecessor-version":[{"id":345,"href":"https:\/\/santateresadelosandes.org\/index.php\/wp-json\/wp\/v2\/posts\/344\/revisions\/345"}],"wp:featuredmedia":[{"embeddable":true,"href":"https:\/\/santateresadelosandes.org\/index.php\/wp-json\/wp\/v2\/media\/587"}],"wp:attachment":[{"href":"https:\/\/santateresadelosandes.org\/index.php\/wp-json\/wp\/v2\/media?parent=344"}],"wp:term":[{"taxonomy":"category","embeddable":true,"href":"https:\/\/santateresadelosandes.org\/index.php\/wp-json\/wp\/v2\/categories?post=344"},{"taxonomy":"post_tag","embeddable":true,"href":"https:\/\/santateresadelosandes.org\/index.php\/wp-json\/wp\/v2\/tags?post=344"}],"curies":[{"name":"wp","href":"https:\/\/api.w.org\/{rel}","templated":true}]}}