{"id":356,"date":"2020-07-01T18:27:20","date_gmt":"2020-07-01T22:27:20","guid":{"rendered":"http:\/\/santateresadelosandes.org\/?p=356"},"modified":"2020-07-13T18:21:07","modified_gmt":"2020-07-13T22:21:07","slug":"111-a-su-tia-juana-solar-de-dominguez-23-de-junio-de-1919","status":"publish","type":"post","link":"https:\/\/santateresadelosandes.org\/index.php\/2020\/07\/01\/111-a-su-tia-juana-solar-de-dominguez-23-de-junio-de-1919\/","title":{"rendered":"111. A su t\u00eda Juana Solar de Dom\u00ednguez 23 de junio de 1919"},"content":{"rendered":"\n<p>J.M.J.T. Convento del Espiritu Santo, 23 de junio de 1919&nbsp;<\/p>\n\n\n\n<p>Que la gracia del Espiritu Santo sea en el alma de mi tan querid\u00edsima mam\u00e1-t\u00eda.&nbsp;<\/p>\n\n\n\n<p>No quiero dejar el abrazo de ma\u00f1ana en suspenso. Por eso nuestra Madrecita me ha dado licencia para escribirle estas l\u00edneas, que le han de manifestar el inmenso cari\u00f1o de su Teresa de Jes\u00fas. Hubiera deseado hacerlo mucho antes, para agradecerle todo lo que hizo con cari\u00f1o de madre por m\u00ed; pero en el Carmen no hay tiempo, si no es para estar como Magdalena a los pies de Jes\u00fas. Cuando estoy a los pies de mi Divino Maestro, no la olvido jam\u00e1s. No se imagina, mi ti\u00edta, lo mucho que le pido para Ud. y para cada uno de mis primos tan queridos.&nbsp;<\/p>\n\n\n\n<p>\u00bfQu\u00e9 le dir\u00e9 de mi vida de cielo? Cada d\u00eda doy m\u00e1s gracias a Dios por mi vocaci\u00f3n, que me es m\u00e1s hermosa cuanto m\u00e1s me penetro de ella. \u00a1Oh, si pudiera, ti\u00edta, hacerle experimentar la felicidad que se siente cuando no se tiene en la vida otra ocupaci\u00f3n que la de amar y contemplar; cuando el alma engolfada en el oc\u00e9ano de la Divinidad pierde de vista la ribera del mundo, de ese mundo que es patria de dolor y de maldad! \u00a1Qu\u00e9 feliz me encuentro en vivir prisionera con el Divino Prisionero, consolarle con mis l\u00e1grimas, ayudarle a salvar las almas, rogando y sufriendo! He principiado ya mi eternidad. Todo lo tengo. S\u00f3lo me falta el ver a Dios cara a cara&#8230;&nbsp;<\/p>\n\n\n\n<p>Ti\u00edta, ruegue para que sea una santa carmelita. \u00a1Es tan grande mi vocaci\u00f3n y soy tan miserable! P\u00eddale a N. Se\u00f1or me haga muy fiel a su infinito amor. Am\u00e9mosle mucho. Tiene sed de nuestro amor, porque no le basta el amor de los \u00e1ngeles. Y despu\u00e9s que Jes\u00fas nos ha dado su Padre [y] su divinidad ha eclipsado, nos ha dado su Madre y ha sufrido desde Bel\u00e9n hasta el Calvario y se ha forjado cadenas para vivir en el tabern\u00e1culo junto a nosotros, \u00bfno tendremos un poquito de amor para este Divino Mendigo? Ti\u00edta, que todo lo que hagamos sea por amor, y vivamos siempre al pie del sagrario, aunque sea en esp\u00edritu, consolando a N. Se\u00f1or en su agon\u00eda. Le dir\u00e9 m\u00e1s a\u00fan: viva en el Coraz\u00f3n de Jes\u00fas. All\u00ed, unida a la oraci\u00f3n, amor y alabanza de Jes\u00fas, ofrezca sus obras, tanto perfectas como imperfectas, a la Sma. Trinidad. Sea su alma, mi ti\u00edta, una hostia de alabanza y una hostia de amor que se sacrifique perpetuamente por la gloria de la Sma. Trinidad y por hacer conocer el amor y misericordia infinitos del Dios-Amor.&nbsp;<\/p>\n\n\n\n<p>A Dios. Quisiera seguir, pero no hay tiempo. Ma\u00f1ana cuente con la Misa y comuni\u00f3n de su Teresa de Jes\u00fas, y no olvidar\u00e9 a Juan Luis.&nbsp;<\/p>\n\n\n\n<p>Salude cari\u00f1osamente a los chiquillos, a quienes no olvido en mis pobres oraciones, como asimismo a las primas. Para la Isolina un recuerdo muy especial; que perdone le haya mandado esos santos, pero que tendr\u00e1 muchas oraciones en pago, y que tengo que recordarla al ver una Virgen del Noviciado que, a pesar que tiene tantos a\u00f1os, conserva la pintura perfectamente, y N. Madrecita nos ha dicho que ella la pint\u00f3. Salude a la Mar\u00eda Antonia, Elvira, Ver\u00f3nica, que de nadie me olvido ante N Se\u00f1or. A Dios, ti\u00edta. Que Jes\u00fas en este d\u00eda le abra su Divino Coraz\u00f3n.&nbsp;<\/p>\n\n\n\n<p>Su indigna&nbsp;<\/p>\n\n\n\n<p>Teresa de Jes\u00fas Carmelita<\/p>\n","protected":false},"excerpt":{"rendered":"<p>J.M.J.T. Convento del Espiritu Santo, 23 de junio de 1919&nbsp; Que la gracia del Espiritu Santo sea en el alma de mi tan querid\u00edsima mam\u00e1-t\u00eda.&nbsp; No quiero dejar el abrazo de ma\u00f1ana en suspenso. Por eso nuestra Madrecita me ha dado licencia para escribirle estas l\u00edneas, que le han de manifestar el inmenso cari\u00f1o de [&hellip;]<\/p>\n","protected":false},"author":1,"featured_media":588,"comment_status":"closed","ping_status":"open","sticky":false,"template":"","format":"standard","meta":[],"categories":[17,4],"tags":[],"_links":{"self":[{"href":"https:\/\/santateresadelosandes.org\/index.php\/wp-json\/wp\/v2\/posts\/356"}],"collection":[{"href":"https:\/\/santateresadelosandes.org\/index.php\/wp-json\/wp\/v2\/posts"}],"about":[{"href":"https:\/\/santateresadelosandes.org\/index.php\/wp-json\/wp\/v2\/types\/post"}],"author":[{"embeddable":true,"href":"https:\/\/santateresadelosandes.org\/index.php\/wp-json\/wp\/v2\/users\/1"}],"replies":[{"embeddable":true,"href":"https:\/\/santateresadelosandes.org\/index.php\/wp-json\/wp\/v2\/comments?post=356"}],"version-history":[{"count":1,"href":"https:\/\/santateresadelosandes.org\/index.php\/wp-json\/wp\/v2\/posts\/356\/revisions"}],"predecessor-version":[{"id":357,"href":"https:\/\/santateresadelosandes.org\/index.php\/wp-json\/wp\/v2\/posts\/356\/revisions\/357"}],"wp:featuredmedia":[{"embeddable":true,"href":"https:\/\/santateresadelosandes.org\/index.php\/wp-json\/wp\/v2\/media\/588"}],"wp:attachment":[{"href":"https:\/\/santateresadelosandes.org\/index.php\/wp-json\/wp\/v2\/media?parent=356"}],"wp:term":[{"taxonomy":"category","embeddable":true,"href":"https:\/\/santateresadelosandes.org\/index.php\/wp-json\/wp\/v2\/categories?post=356"},{"taxonomy":"post_tag","embeddable":true,"href":"https:\/\/santateresadelosandes.org\/index.php\/wp-json\/wp\/v2\/tags?post=356"}],"curies":[{"name":"wp","href":"https:\/\/api.w.org\/{rel}","templated":true}]}}