{"id":360,"date":"2020-07-01T18:28:42","date_gmt":"2020-07-01T22:28:42","guid":{"rendered":"http:\/\/santateresadelosandes.org\/?p=360"},"modified":"2020-07-13T18:21:07","modified_gmt":"2020-07-13T22:21:07","slug":"113-a-su-madre-4-de-julio-1919","status":"publish","type":"post","link":"https:\/\/santateresadelosandes.org\/index.php\/2020\/07\/01\/113-a-su-madre-4-de-julio-1919\/","title":{"rendered":"113. A su madre 4 de julio, 1919"},"content":{"rendered":"\n<p>Los Andes, 4 de julio, 1919&nbsp;<\/p>\n\n\n\n<p>Mi mamachita tan querida: Que el Espiritu Santo la llene de su santa fortaleza.&nbsp;<\/p>\n\n\n\n<p>Nuestra Madrecita me encarga le escriba a nombre de su reverencia para decirle [que] recibi\u00f3 su carta, la que ella no puede contestar todav\u00eda por falta de tiempo.&nbsp;<\/p>\n\n\n\n<p>\u00bfQu\u00e9 puedo decirle acerca de la pena que me trajo su cartita? C\u00f3mo hubiera querido, mamachita, estar a su lado para consolarla y llorar junto con Ud. Pero nuestras almas se encontrar\u00e1n vecinas al sagrario. All\u00ed depositamos la amarga queja de nuestros corazones: \u00abSe\u00f1or, las almas que tanto am\u00e1is est\u00e1n enfermas\u00bb. Sigamos repiti\u00e9ndole a Jes\u00fas esto hasta que se enternezca y venga a resucitar las almas que le encomendamos.&nbsp;<\/p>\n\n\n\n<p>Mamacita, tenga confianza en El. Su Coraz\u00f3n se conmueve ligerito. No puede soportar que las ovejas de su reba\u00f1o se extrav\u00eden. El abandona las 99 por ir en busca de aquella que lo ha abandonado. Adem\u00e1s, espera Jes\u00fas que yo sepa entregarme m\u00e1s a El. Y como soy tan tibia, por eso no accede a lo que le pido. As\u00ed es que soy yo la culpable de todo, aunque pena me da el decirlo; pero es la verdad. Pero no por eso me desanimo. Cuando me veo tan miserable, le digo a N. Se\u00f1or que por qu\u00e9 vi\u00e9ndome as\u00ed, tan pobre de virtudes, no me las da, siendo El la fuente de la santidad. \u00bfNo ve c\u00f3mo soy buen tinterillo?&nbsp;<\/p>\n\n\n\n<p>Aprovechemos para enriquecernos el momento de la comuni\u00f3n. Ba\u00f1\u00e9monos en esa fuente de santidad y pid\u00e1mosle el mundo entero de las almas, porque no nos sabr\u00e1 decir que no. Porque su coraz\u00f3n est\u00e1 latiendo amorosamente y al un\u00edsono del nuestro; de modo que todos nuestros deseos son de El, y El es todopoderoso. \u00a1Qu\u00e9 identificaci\u00f3n m\u00e1s grande! Somos en esos momentos otro Dios. Para m\u00ed esos momentos son cielo sin nada de destierro. \u00bfQu\u00e9 puedo desear ya, si todo un Dios es m\u00edo?&nbsp;<\/p>\n\n\n\n<p>Concluyo. Me voy a v\u00edsperas. Muchos cari\u00f1os para todos. Y para Ud. mil besos y abrazos. Su indigna&nbsp;<\/p>\n\n\n\n<p>Teresa de Jes\u00fas, Carmelita&nbsp;<\/p>\n\n\n\n<p>Mucho me ha gustado lo de la Lucha. \u00bf Le mand\u00f3 mis cuadernos al Padre Jos\u00e9?<\/p>\n","protected":false},"excerpt":{"rendered":"<p>Los Andes, 4 de julio, 1919&nbsp; Mi mamachita tan querida: Que el Espiritu Santo la llene de su santa fortaleza.&nbsp; Nuestra Madrecita me encarga le escriba a nombre de su reverencia para decirle [que] recibi\u00f3 su carta, la que ella no puede contestar todav\u00eda por falta de tiempo.&nbsp; \u00bfQu\u00e9 puedo decirle acerca de la pena [&hellip;]<\/p>\n","protected":false},"author":1,"featured_media":588,"comment_status":"closed","ping_status":"open","sticky":false,"template":"","format":"standard","meta":[],"categories":[17,4],"tags":[],"_links":{"self":[{"href":"https:\/\/santateresadelosandes.org\/index.php\/wp-json\/wp\/v2\/posts\/360"}],"collection":[{"href":"https:\/\/santateresadelosandes.org\/index.php\/wp-json\/wp\/v2\/posts"}],"about":[{"href":"https:\/\/santateresadelosandes.org\/index.php\/wp-json\/wp\/v2\/types\/post"}],"author":[{"embeddable":true,"href":"https:\/\/santateresadelosandes.org\/index.php\/wp-json\/wp\/v2\/users\/1"}],"replies":[{"embeddable":true,"href":"https:\/\/santateresadelosandes.org\/index.php\/wp-json\/wp\/v2\/comments?post=360"}],"version-history":[{"count":1,"href":"https:\/\/santateresadelosandes.org\/index.php\/wp-json\/wp\/v2\/posts\/360\/revisions"}],"predecessor-version":[{"id":361,"href":"https:\/\/santateresadelosandes.org\/index.php\/wp-json\/wp\/v2\/posts\/360\/revisions\/361"}],"wp:featuredmedia":[{"embeddable":true,"href":"https:\/\/santateresadelosandes.org\/index.php\/wp-json\/wp\/v2\/media\/588"}],"wp:attachment":[{"href":"https:\/\/santateresadelosandes.org\/index.php\/wp-json\/wp\/v2\/media?parent=360"}],"wp:term":[{"taxonomy":"category","embeddable":true,"href":"https:\/\/santateresadelosandes.org\/index.php\/wp-json\/wp\/v2\/categories?post=360"},{"taxonomy":"post_tag","embeddable":true,"href":"https:\/\/santateresadelosandes.org\/index.php\/wp-json\/wp\/v2\/tags?post=360"}],"curies":[{"name":"wp","href":"https:\/\/api.w.org\/{rel}","templated":true}]}}