{"id":366,"date":"2020-07-01T18:29:57","date_gmt":"2020-07-01T22:29:57","guid":{"rendered":"http:\/\/santateresadelosandes.org\/?p=366"},"modified":"2020-07-13T18:20:50","modified_gmt":"2020-07-13T22:20:50","slug":"116-al-p-artemio-colom-s-j-20-de-julio-de-1919","status":"publish","type":"post","link":"https:\/\/santateresadelosandes.org\/index.php\/2020\/07\/01\/116-al-p-artemio-colom-s-j-20-de-julio-de-1919\/","title":{"rendered":"116. Al P. Artemio Colom, S.J. 20 de julio de 1919"},"content":{"rendered":"\n<p>J.M.J.T. Convento del Espiritu Santo,&nbsp;<\/p>\n\n\n\n<p>20 de julio de 1919 R.P. Artemio Colom, C\u00f3rdoba [Argentina].&nbsp;<\/p>\n\n\n\n<p>Reverendo Padre: Que la gracia del Esp\u00edritu Santo sea en el alma de Vuestra Reverencia.&nbsp;<\/p>\n\n\n\n<p>Tantos d\u00edas han pasado sin poder contestar su atenta cartita para agradecerle todas sus oraciones con el m\u00e1s filial y respetuoso agradecimiento. Ya tiene a su hija pecadora en el Carmelo, separada por completo del mundo, realizando as\u00ed el ideal de toda su vida; ideal que, a medida que pasa el tiempo, me parece m\u00e1s hermoso. Me pregunto de continuo por qu\u00e9 Dios me ha amado tanto, siendo yo tan pecadora, tan ingrata a sus numerosos beneficios. Y s\u00f3lo encuentro la raz\u00f3n en su Bondad infinita. Nadie, si no es El, podr\u00e1 amar a una criatura tan despreciable como soy.&nbsp;<\/p>\n\n\n\n<p>Mis esfuerzos todos se dirigen a ser una santa carmelita, y creo que lo que Dios quiere de m\u00ed para alcanzar esta santidad es un recogimiento continuo: que nada ni nadie pueda distraerme de El. No me pide nada m\u00e1s que esto, porque all\u00ed, en esa uni\u00f3n \u00edntima de mi alma con mi Dios, se encuentra para m\u00ed el ejercicio de todas las virtudes. Primero que todo, encuentro la renuncia completa de todo mi ser, pues cuanto m\u00e1s me a\u00edsle de m\u00ed misma, m\u00e1s me internar\u00e9 en El. Trato, pues, de negarme en todo para llegar a poseer al Todo, seg\u00fan nos ense\u00f1a nuestro Padre San Juan.&nbsp;<\/p>\n\n\n\n<p>Hay d\u00edas que consigo vivir enteramente para Dios. Entonces es cuando me siento en el cielo. Entonces es cuando comprendo que \u00abs\u00f3lo Dios nos basta\u00bb. Fuera de El no hay felicidad posible. No se imagina, Rdo. Padre, lo que N. Se\u00f1or se revela a mi alma, a pesar de ser tan miserable, y no comprendo c\u00f3mo he amado a N. Se\u00f1or sin conocerlo; tanta es la distancia que tengo y ten\u00eda de Dios.&nbsp;<\/p>\n\n\n\n<p>Mi oraci\u00f3n es cada vez m\u00e1s sencilla. Apenas me pongo en oraci\u00f3n, siento que toda mi alma se sumerge en Dios, y encuentro una paz, una tranquilidad tan grande como me es imposible describir. Entonces mi alma percibe ese silencio divino, y cuanto m\u00e1s profunda es esa quietud y recogimiento, [m\u00e1s] se me revela Dios. Es una noticia muy clara y r\u00e1pida. No es reflexionando; antes me turbo cuando reflexiono. Cuando esta noticia es muy clara, siento como que mi alma quisiera salir de mi ser. Mi cuerpo no lo siento.&nbsp;<\/p>\n\n\n\n<p>Estoy como insensible; y dos veces no me he podido mover de mi sitio, pues estaba como enclavada en el suelo. Otra vez, una hermanita me fue a hablar, y sent\u00ed un estremecimiento terrible en todo mi ser, y lo que me dijo lo o\u00ed como de muy lejos, sin comprender sino hasta despu\u00e9s lo que me dijo. Siento que mi alma est\u00e1 abrasada en amor de Dios y como que El me comunicara su fuego abrasador.&nbsp;<\/p>\n\n\n\n<p>Un Padre a quien le consult\u00e9 acerca de mi oraci\u00f3n me dijo que, cuando sintiera ese arrobamiento de todo mi ser, deb\u00eda rechazar el pensamiento de Dios. Lo hice por obedecer, pero era el sufrimiento m\u00e1s terrible, y a veces no lo consegu\u00eda. Tambi\u00e9n, que deb\u00eda principiar mi oraci\u00f3n por meditar en Jesucristo; y yo sent\u00eda que no pod\u00eda, pues Dios me atra\u00eda el alma.&nbsp;<\/p>\n\n\n\n<p>Por fin, el Padre Avertano, carmelita, que es actualmente mi confesor, me dijo que no deb\u00eda resistir a Dios, sino seguir sus inspiraciones. As\u00ed lo he hecho. Despu\u00e9s de tener esta oraci\u00f3n de quietud, cuando he sido m\u00e1s fuertemente atra\u00edda por Dios, me vienen tentaciones muy grandes. A veces, me parece que todo lo que me pasa son ilusiones. Otras veces, que es el demonio que me enga\u00f1a para hacerme creer que soy extraordinaria. Otras veces, me siento agobiada por mis miserias y abandonada de Dios; y por fin, la m\u00e1s terrible es la tentaci\u00f3n contra la fe: quedo en completa os-curidad, dudando hasta de la existencia de Dios.&nbsp;<\/p>\n\n\n\n<p>Antes de ayer fue esta tentaci\u00f3n tan grande, que no pod\u00eda ni a\u00fan rezar, pues era peor. Entonces cre\u00ed hab\u00eda consentido en la tentaci\u00f3n, y que estaba en pecado mortal; pero no me importaba ni a\u00fan esto, pues me dec\u00eda que el pecado mortal eran invenciones. Anduve todo el d\u00eda as\u00ed y al mismo tiempo dec\u00eda que se hiciera la voluntad de Dios. En la noche le dije a nuestra Madre que yo no comulgar\u00eda; sin embargo, ella quer\u00eda sufriese yo sola y no trat\u00f3 de consolarme, pues crey\u00f3 que la tentaci\u00f3n pasar\u00eda como otras veces.&nbsp;<\/p>\n\n\n\n<p>Al d\u00eda siguiente, ten\u00eda fe y me dije que estaba en pecado mortal. Y como nuestra Madre juzg\u00f3 que era prudente no exigirme que comulgara, pues yo no quer\u00eda, me qued\u00e9 sin comulgar, aunque ten\u00eda hambre de Jes\u00fas. Me sent\u00eda condenada. Dios se me representaba como un Juez terrible. Llor\u00e9 tanto, que ya no sab\u00eda lo que ten\u00eda. Cuando nuestra Madre se me acercaba para consolarme, yo me retiraba, pues ve\u00eda que estaba ella con Dios y yo con el demonio Me tranquilic\u00e9 cuando me asegur\u00f3 que no estaba en pecado. Sin embargo, vi claramente que Dios no hab\u00eda querido venir ese d\u00eda a mi alma. Ya la tentaci\u00f3n pas\u00f3, y me ha dejado muy humilde, no s\u00f3lo delante de Dios, sino delante de mis hermanitas (pues se cercioraron que no hab\u00eda comulgado y que me hab\u00eda tenido que confesar).&nbsp;<\/p>\n\n\n\n<p>Pero despu\u00e9s de estas oscuridades Dios se comunica m\u00e1s a mi alma. Ayer ya no sab\u00eda d\u00f3nde estaba, aun despu\u00e9s de la oraci\u00f3n; y aunque mi pensamiento no est\u00e1 permanentemente en Dios, me siento muy unida a El y, apenas pienso en El, mi alma se siente fuertemente atra\u00edda. Yo no s\u00e9 si esto es&nbsp;<\/p>\n\n\n\n<p>ilusi\u00f3n o no. Lo \u00fanico que veo es que ando con mucho recogimiento, s\u00e9 mortificarme y vencerme m\u00e1s y soy m\u00e1s humilde. Dios es demasiado bueno con esta infeliz pecadora; a pesar que tanto lo ofende, no deja de amarla.&nbsp;<\/p>\n\n\n\n<p>Despu\u00e9s que comulgo, me siento en el cielo, y dominada por el amor infinito de mi Dios. A veces mi solo consuelo en este destierro es la comuni\u00f3n, donde me uno \u00edntimamente con El. Siento ansias de morirme por poseerlo sin temor de perderlo por el pecado. Este deseo me hace huir de las menores imperfecciones, pues ellas me separan del Ser infinitamente Santo.&nbsp;<\/p>\n\n\n\n<p>Tambi\u00e9n N. Se\u00f1or se me representa a veces interiormente, y me habla. Como una semana lo vi en agon\u00eda, pero de un modo tal como jam\u00e1s lo hab\u00eda ni a\u00fan so\u00f1ado. Sufr\u00ed mucho, pues tra\u00eda la imagen perpetuamente, y me pidi\u00f3 que lo consolara. Despu\u00e9s fue el Sagrado Coraz\u00f3n en el tabern\u00e1culo con el rostro muy triste; y por \u00faltimo, el d\u00eda del Sagrado Coraz\u00f3n, se me represent\u00f3 con una ternura y belleza tal, que abrasaba mi alma en su amor, no pudiendo resistir. Sin embargo, en cuanto a las im\u00e1genes y hablas interiores no hago caso, si no es al efecto bueno que producen en m\u00ed, para no aficionarme a ellas, y a\u00fan trato de rechazarlas. En cuanto a Dios no me lo represento en ninguna forma, para ir a El por fe. Todo esto pasa en mi alma. Juzgue su Reverencia si no voy errada, pues vivo con este temor.&nbsp;<\/p>\n\n\n\n<p>Mi toma de h\u00e1bito quiz\u00e1s sea el 15 de octubre, pues Nuestra Madrecita pidi\u00f3 al Nuncio me suprimiera un mes. Le aseguro que ardo de deseos de verme con el h\u00e1bito de nuestra Madre del Car-men. Sin embargo, me confundo al ver que no tengo las virtudes de una religiosa. Cr\u00e9ame que, al ver a mis hermanitas tan santas, me averg\u00fcenzo de verme tan miserable.&nbsp;<\/p>\n\n\n\n<p>Trato de adquirir las virtudes: ser obediente hasta en lo m\u00e1s m\u00ednimo, caritativa con mis hermanitas y sobre todo, ser humilde. Para esto procuro no hablar ni en pro ni en contra de m\u00ed misma, y s\u00f3lo humillarme delante de Nuestra Madrecita. Procuro no disculparme, aunque sin raz\u00f3n me reprendan, y si alguna hermana me humilla, me estimulo en servirla y en ser m\u00e1s atenta con ella. Siempre quiero negarme y renunciarme en todo, para as\u00ed unirme m\u00e1s a Dios.&nbsp;<\/p>\n\n\n\n<p>El d\u00eda del Sagrado Coraz\u00f3n solicit\u00e9 licencia de nuestra Madre para hacer los tres votos hasta mi toma de h\u00e1bito. Mi ideal de carmelita es ser hostia, ser inmolada constantemente por las almas, y mi fin principal es sacrificarme porque el amor del Coraz\u00f3n de Jes\u00fas sea conocido. Cr\u00e9ame, Rdo. Padre, que no s\u00e9 lo que me pasa al contemplar a Nuestro Dios desterrado en los tabern\u00e1culos por el amor de sus criaturas, las cuales lo olvidan y ofenden. Quisiera vivir hasta el fin del mundo sufriendo junto al divino Prisionero.&nbsp;<\/p>\n\n\n\n<p>Nada le he dicho del Oficio Divino, oficio de \u00e1ngeles. Me creo en el cielo cuando estoy en el coro cantando las alabanzas de la Sma. Trinidad.&nbsp;<\/p>\n\n\n\n<p>Ruegue por m\u00ed, Rdo. Padre, que soy tan perversa, tan orgullosa, tan poco mortificada. Ofrezca a su carmelita siquiera una vez en la Santa Misa como hostia. Quiero ser hostia por hostia. Introd\u00fazcame en el c\u00e1liz, para que, ba\u00f1ada en la Sangre de Jes\u00fas, sea aceptada por la Sma. Trinidad. P\u00eddale a N. Se\u00f1or me haga una santa carmelita, verdadera hija de nuestra Sta. Madre. Yo, aunque miserable&nbsp;<\/p>\n\n\n\n<p>pecadora, ruego mucho por Su Reverencia, para que sea un santo Jesuita.&nbsp;<\/p>\n\n\n\n<p>Agradeciendo la Misa ofrecida por m\u00ed el d\u00eda 7 de mayo y todas sus oraciones, se despide su indigna sierva en el C.J.M.J.T.&nbsp;<\/p>\n\n\n\n<p>Teresa de Jes\u00fas, Carmelita.&nbsp;<\/p>\n\n\n\n<p>P.D. &#8211; Nuestra Madre env\u00eda a su Rcia. respetuoso saludo.<\/p>\n","protected":false},"excerpt":{"rendered":"<p>J.M.J.T. Convento del Espiritu Santo,&nbsp; 20 de julio de 1919 R.P. Artemio Colom, C\u00f3rdoba [Argentina].&nbsp; Reverendo Padre: Que la gracia del Esp\u00edritu Santo sea en el alma de Vuestra Reverencia.&nbsp; Tantos d\u00edas han pasado sin poder contestar su atenta cartita para agradecerle todas sus oraciones con el m\u00e1s filial y respetuoso agradecimiento. Ya tiene a [&hellip;]<\/p>\n","protected":false},"author":1,"featured_media":588,"comment_status":"closed","ping_status":"open","sticky":false,"template":"","format":"standard","meta":[],"categories":[17,4],"tags":[],"_links":{"self":[{"href":"https:\/\/santateresadelosandes.org\/index.php\/wp-json\/wp\/v2\/posts\/366"}],"collection":[{"href":"https:\/\/santateresadelosandes.org\/index.php\/wp-json\/wp\/v2\/posts"}],"about":[{"href":"https:\/\/santateresadelosandes.org\/index.php\/wp-json\/wp\/v2\/types\/post"}],"author":[{"embeddable":true,"href":"https:\/\/santateresadelosandes.org\/index.php\/wp-json\/wp\/v2\/users\/1"}],"replies":[{"embeddable":true,"href":"https:\/\/santateresadelosandes.org\/index.php\/wp-json\/wp\/v2\/comments?post=366"}],"version-history":[{"count":1,"href":"https:\/\/santateresadelosandes.org\/index.php\/wp-json\/wp\/v2\/posts\/366\/revisions"}],"predecessor-version":[{"id":367,"href":"https:\/\/santateresadelosandes.org\/index.php\/wp-json\/wp\/v2\/posts\/366\/revisions\/367"}],"wp:featuredmedia":[{"embeddable":true,"href":"https:\/\/santateresadelosandes.org\/index.php\/wp-json\/wp\/v2\/media\/588"}],"wp:attachment":[{"href":"https:\/\/santateresadelosandes.org\/index.php\/wp-json\/wp\/v2\/media?parent=366"}],"wp:term":[{"taxonomy":"category","embeddable":true,"href":"https:\/\/santateresadelosandes.org\/index.php\/wp-json\/wp\/v2\/categories?post=366"},{"taxonomy":"post_tag","embeddable":true,"href":"https:\/\/santateresadelosandes.org\/index.php\/wp-json\/wp\/v2\/tags?post=366"}],"curies":[{"name":"wp","href":"https:\/\/api.w.org\/{rel}","templated":true}]}}