{"id":370,"date":"2020-07-01T18:30:41","date_gmt":"2020-07-01T22:30:41","guid":{"rendered":"http:\/\/santateresadelosandes.org\/?p=370"},"modified":"2020-07-13T18:20:50","modified_gmt":"2020-07-13T22:20:50","slug":"118-a-su-padre-27-de-julio-de-1919","status":"publish","type":"post","link":"https:\/\/santateresadelosandes.org\/index.php\/2020\/07\/01\/118-a-su-padre-27-de-julio-de-1919\/","title":{"rendered":"118. A su padre 27 de julio de 1919"},"content":{"rendered":"\n<p>J. M .J.T. Convento del Esp\u00edritu Santo, 27 de julio de 1919.&nbsp;<\/p>\n\n\n\n<p>Mi papacito querido: Que la gracia del Esp\u00edritu Santo sea en su alma.<\/p>\n\n\n\n<p>Recordando lo solito que pasa en San Javier, nuestra Madrecita ha tenido la bondad de dejarme enviarle unas l\u00edneas, que han de demostrarle una vez m\u00e1s que su hija carmelita no lo olvida un solo d\u00eda, y que siempre lo quiere y est\u00e1 a su lado. Si supiera, papacito querido, cu\u00e1ntas veces me encuentro a su lado acompa\u00f1\u00e1ndolo, cu\u00e1ntas veces en el d\u00eda alzo suplicante mi oraci\u00f3n para pedir a N. Se\u00f1or consuelo para mi papacito, fuerzas para no sucumbir al peso de los trabajos a que se somete por sus hijos&#8230; En la noche, sobre todo, me parece que su alma se encuentra abatida por la tristeza.&nbsp;<\/p>\n\n\n\n<p>\u00bfSe acuerda, papacito, cuando sol\u00eda hacerme confidente de lo que le pasaba? Ahora, aunque no me lo exprese de palabra, N. Se\u00f1or me lo comunica, poniendo en mi pensamiento su imagen querida luchando con el dolor. Entonces siento la necesidad de clamarle con todas las fuerzas de mi alma le d\u00e9 resignaci\u00f3n. Papacito, cuando sufra, cuando se encuentre solo, piense que su carmelita lo acompa\u00f1a, y que ella tiene consigo a Jes\u00fas. El pensamiento de que Jes\u00fas est\u00e1 con Ud. vi\u00e9ndolo padecer lo confortar\u00e1; pues El cuenta y recoge las espinas de su camino para cambiarlas y transformarlas en piedras preciosas, con que alg\u00fan d\u00eda lo coronar\u00e1 en el Cielo. \u00bfQu\u00e9 importa sufrir en el destierro unos a\u00f1os para merecer una eterna felicidad?&nbsp;<\/p>\n\n\n\n<p>Yo estoy cada vez m\u00e1s feliz y no me canso de darle gracias a Dios por haberme tra\u00eddo a este rinconcito de cielo, sin preocupaci\u00f3n de ninguna especie, rodeada de maternal solicitud y cari\u00f1o por nuestra Madrecita como ya no es posible imaginar, lo mismo por el cari\u00f1o de mis hermanitas, que son unas santas.&nbsp;<\/p>\n\n\n\n<p>Ruego mucho para que no llueva, pues comprendo que ha de ser una ruina para Ud. Cu\u00e9nteme -cuando me escriba- todo con confianza. Soy su hija que m\u00e1s lo quiere. Conf\u00ede todo a la Sma. Virgen. R\u00e9cele siempre el rosario para que Ella le guarde no s\u00f3lo su alma sino tambi\u00e9n sus asuntos.&nbsp;<\/p>\n\n\n\n<p>Adi\u00f3s, papacito lindo. Reciba muchos besos y cari\u00f1os de su hijita carmelita, que siempre est\u00e1 a su lado. \u00a1A Dios! Su indigna&nbsp;<\/p>\n\n\n\n<p>Teresa de Jes\u00fas, Carmelita.&nbsp;<\/p>\n\n\n\n<p>Salude a toda la gente conocida de San Javier.<\/p>\n","protected":false},"excerpt":{"rendered":"<p>J. M .J.T. Convento del Esp\u00edritu Santo, 27 de julio de 1919.&nbsp; Mi papacito querido: Que la gracia del Esp\u00edritu Santo sea en su alma. Recordando lo solito que pasa en San Javier, nuestra Madrecita ha tenido la bondad de dejarme enviarle unas l\u00edneas, que han de demostrarle una vez m\u00e1s que su hija carmelita [&hellip;]<\/p>\n","protected":false},"author":1,"featured_media":588,"comment_status":"closed","ping_status":"open","sticky":false,"template":"","format":"standard","meta":[],"categories":[17,4],"tags":[],"_links":{"self":[{"href":"https:\/\/santateresadelosandes.org\/index.php\/wp-json\/wp\/v2\/posts\/370"}],"collection":[{"href":"https:\/\/santateresadelosandes.org\/index.php\/wp-json\/wp\/v2\/posts"}],"about":[{"href":"https:\/\/santateresadelosandes.org\/index.php\/wp-json\/wp\/v2\/types\/post"}],"author":[{"embeddable":true,"href":"https:\/\/santateresadelosandes.org\/index.php\/wp-json\/wp\/v2\/users\/1"}],"replies":[{"embeddable":true,"href":"https:\/\/santateresadelosandes.org\/index.php\/wp-json\/wp\/v2\/comments?post=370"}],"version-history":[{"count":1,"href":"https:\/\/santateresadelosandes.org\/index.php\/wp-json\/wp\/v2\/posts\/370\/revisions"}],"predecessor-version":[{"id":371,"href":"https:\/\/santateresadelosandes.org\/index.php\/wp-json\/wp\/v2\/posts\/370\/revisions\/371"}],"wp:featuredmedia":[{"embeddable":true,"href":"https:\/\/santateresadelosandes.org\/index.php\/wp-json\/wp\/v2\/media\/588"}],"wp:attachment":[{"href":"https:\/\/santateresadelosandes.org\/index.php\/wp-json\/wp\/v2\/media?parent=370"}],"wp:term":[{"taxonomy":"category","embeddable":true,"href":"https:\/\/santateresadelosandes.org\/index.php\/wp-json\/wp\/v2\/categories?post=370"},{"taxonomy":"post_tag","embeddable":true,"href":"https:\/\/santateresadelosandes.org\/index.php\/wp-json\/wp\/v2\/tags?post=370"}],"curies":[{"name":"wp","href":"https:\/\/api.w.org\/{rel}","templated":true}]}}