{"id":372,"date":"2020-07-01T18:31:02","date_gmt":"2020-07-01T22:31:02","guid":{"rendered":"http:\/\/santateresadelosandes.org\/?p=372"},"modified":"2020-07-13T18:20:50","modified_gmt":"2020-07-13T22:20:50","slug":"119-a-su-hermana-rebeca","status":"publish","type":"post","link":"https:\/\/santateresadelosandes.org\/index.php\/2020\/07\/01\/119-a-su-hermana-rebeca\/","title":{"rendered":"119. A su hermana Rebeca"},"content":{"rendered":"\n<p>J.M .J.T.&nbsp;<\/p>\n\n\n\n<p>Querida Rebeca: Que Jes\u00fas sea siempre el Due\u00f1o de tu coraz\u00f3n.&nbsp;<\/p>\n\n\n\n<p>Me tienes que sacar de un gran apuro. Ah\u00ed te env\u00edo esa libreta de pensamientos que me prest\u00f3 la Madre Superiora, y es del P. Avertano. F\u00edjate que el perrito se entr\u00f3 en nuestra celda y me la hizo pedazos, y la tengo que entregar luego. Por favor, c\u00f3mprame una igual a la chica colorada y copias los pensamientos que hay en ella. Es como carterita, y en las p\u00e1ginas que est\u00e9n rotas y no est\u00e9n concluidos los pensamientos, puedes buscarlos en la libreta negra, porque all\u00ed est\u00e1n todos. C\u00f3pialos en el mismo orden que est\u00e1n en la libretita colorada, ocupando el mismo lugar, todo exactamente igual y con tu mejor letra redonda chiquita. La necesito para el 15 de agosto. Ojal\u00e1 que despu\u00e9s me los copiaras con letra corriente en otra libreta, para tenerlos y d\u00e1rselos a la Madre Superiora. Pichita linda, te lo agradecer\u00e9 con todo mi coraz\u00f3n, pues no sabes el susto que me he llevado.&nbsp;<\/p>\n\n\n\n<p>Ojal\u00e1 cuando me escriban me env\u00eden papel, sobres y sellos, \u00bfno? No tengo tiempo para escribirte m\u00e1s. \u00bfC\u00f3mo te portas en la casa? Saluda cari\u00f1osamente a todos, especialmente a mi pap\u00e1 y mam\u00e1. A Ignacito dale un apretado abrazo de felicitaci\u00f3n.&nbsp;<\/p>\n\n\n\n<p>Adi\u00f3s, pichita querida. Escr\u00edbeme la libreta con una letra bien bonita, redondita, y que sea la que compren igual a la chica colorada en todo. Te contar\u00eda muchas cosas, pero no hay tiempo. Ay\u00fadame a cantar continuamente el c\u00e1ntico de amor y acci\u00f3n de gracias a Jes\u00fas. Tu indigna&nbsp;<\/p>\n\n\n\n<p>Teresa de Jes\u00fas, N. Carmelita.&nbsp;<\/p>\n\n\n\n<p>Si me la puedes tener antes la libreta escrita, te la agradecer\u00e9 m\u00e1s a\u00fan. Hazlo por Jes\u00fas. No copies nada m\u00e1s que los pensamientos de la libreta colorada. La otra es s\u00f3lo para ver los que no se entienden. Perd\u00f3name la molestia, pero cuento contigo lo mismo que con mi persona.<\/p>\n","protected":false},"excerpt":{"rendered":"<p>J.M .J.T.&nbsp; Querida Rebeca: Que Jes\u00fas sea siempre el Due\u00f1o de tu coraz\u00f3n.&nbsp; Me tienes que sacar de un gran apuro. Ah\u00ed te env\u00edo esa libreta de pensamientos que me prest\u00f3 la Madre Superiora, y es del P. Avertano. F\u00edjate que el perrito se entr\u00f3 en nuestra celda y me la hizo pedazos, y la [&hellip;]<\/p>\n","protected":false},"author":1,"featured_media":588,"comment_status":"closed","ping_status":"open","sticky":false,"template":"","format":"standard","meta":[],"categories":[17,4],"tags":[],"_links":{"self":[{"href":"https:\/\/santateresadelosandes.org\/index.php\/wp-json\/wp\/v2\/posts\/372"}],"collection":[{"href":"https:\/\/santateresadelosandes.org\/index.php\/wp-json\/wp\/v2\/posts"}],"about":[{"href":"https:\/\/santateresadelosandes.org\/index.php\/wp-json\/wp\/v2\/types\/post"}],"author":[{"embeddable":true,"href":"https:\/\/santateresadelosandes.org\/index.php\/wp-json\/wp\/v2\/users\/1"}],"replies":[{"embeddable":true,"href":"https:\/\/santateresadelosandes.org\/index.php\/wp-json\/wp\/v2\/comments?post=372"}],"version-history":[{"count":1,"href":"https:\/\/santateresadelosandes.org\/index.php\/wp-json\/wp\/v2\/posts\/372\/revisions"}],"predecessor-version":[{"id":373,"href":"https:\/\/santateresadelosandes.org\/index.php\/wp-json\/wp\/v2\/posts\/372\/revisions\/373"}],"wp:featuredmedia":[{"embeddable":true,"href":"https:\/\/santateresadelosandes.org\/index.php\/wp-json\/wp\/v2\/media\/588"}],"wp:attachment":[{"href":"https:\/\/santateresadelosandes.org\/index.php\/wp-json\/wp\/v2\/media?parent=372"}],"wp:term":[{"taxonomy":"category","embeddable":true,"href":"https:\/\/santateresadelosandes.org\/index.php\/wp-json\/wp\/v2\/categories?post=372"},{"taxonomy":"post_tag","embeddable":true,"href":"https:\/\/santateresadelosandes.org\/index.php\/wp-json\/wp\/v2\/tags?post=372"}],"curies":[{"name":"wp","href":"https:\/\/api.w.org\/{rel}","templated":true}]}}