{"id":384,"date":"2020-07-01T18:33:33","date_gmt":"2020-07-01T22:33:33","guid":{"rendered":"http:\/\/santateresadelosandes.org\/?p=384"},"modified":"2020-07-13T18:20:50","modified_gmt":"2020-07-13T22:20:50","slug":"125-a-elisa-valdes-ossa-17-de-agosto-de-1919","status":"publish","type":"post","link":"https:\/\/santateresadelosandes.org\/index.php\/2020\/07\/01\/125-a-elisa-valdes-ossa-17-de-agosto-de-1919\/","title":{"rendered":"125. A Elisa Vald\u00e9s Ossa 17 de agosto de 1919"},"content":{"rendered":"\n<p>17 de agosto&nbsp;<\/p>\n\n\n\n<p>Se\u00f1orita Eli:&nbsp;<\/p>\n\n\n\n<p>Querida Elisita: Que Jes\u00fas sea siempre contigo.&nbsp;<\/p>\n\n\n\n<p>Me perdonar\u00e1s no haya contestado tus cartas, pero por la Gordita sabr\u00e1s que el tiempo en el Carmen vuela&#8230; Lo \u00fanico que te dir\u00e9 es que soy cada d\u00eda m\u00e1s feliz; pero con una felicidad divina, no humana. No te imaginas la alegr\u00eda que reina entre nosotras. Todo es caridad y sencillez entre nuestras hermanas.&nbsp;<\/p>\n\n\n\n<p>Muchas veces, cuando estoy sola con Aqu\u00e9l que s\u00f3lo vive, te recuerdo. Nuestra celda es bien pobrecita, pero en ella paso con N. Se\u00f1or en \u00edntima conversaci\u00f3n de coraz\u00f3n a coraz\u00f3n. Ayer tuve la dicha de pasar en retiro: todo el d\u00eda casi, en el coro. Verdaderamente gozo demasiado. F\u00edjate que el d\u00eda de la Asunci\u00f3n, como era d\u00eda de fiesta tuve 6 horas de oraci\u00f3n fuera del oficio divino (pero eso es s\u00f3lo para ti). Ya comprender\u00e1s que hay tiempo para rogar por todos.&nbsp;<\/p>\n\n\n\n<p>Adi\u00f3s. Tengo que ir a cantar las tablillas para la oraci\u00f3n. Escr\u00edbeme, y para otra vez te escribir\u00e9 largo. Tu indigna,&nbsp;<\/p>\n\n\n\n<p>Teresa de Jes\u00fas, Carmelita<\/p>\n","protected":false},"excerpt":{"rendered":"<p>17 de agosto&nbsp; Se\u00f1orita Eli:&nbsp; Querida Elisita: Que Jes\u00fas sea siempre contigo.&nbsp; Me perdonar\u00e1s no haya contestado tus cartas, pero por la Gordita sabr\u00e1s que el tiempo en el Carmen vuela&#8230; Lo \u00fanico que te dir\u00e9 es que soy cada d\u00eda m\u00e1s feliz; pero con una felicidad divina, no humana. No te imaginas la alegr\u00eda [&hellip;]<\/p>\n","protected":false},"author":1,"featured_media":588,"comment_status":"closed","ping_status":"open","sticky":false,"template":"","format":"standard","meta":[],"categories":[17,4],"tags":[],"_links":{"self":[{"href":"https:\/\/santateresadelosandes.org\/index.php\/wp-json\/wp\/v2\/posts\/384"}],"collection":[{"href":"https:\/\/santateresadelosandes.org\/index.php\/wp-json\/wp\/v2\/posts"}],"about":[{"href":"https:\/\/santateresadelosandes.org\/index.php\/wp-json\/wp\/v2\/types\/post"}],"author":[{"embeddable":true,"href":"https:\/\/santateresadelosandes.org\/index.php\/wp-json\/wp\/v2\/users\/1"}],"replies":[{"embeddable":true,"href":"https:\/\/santateresadelosandes.org\/index.php\/wp-json\/wp\/v2\/comments?post=384"}],"version-history":[{"count":1,"href":"https:\/\/santateresadelosandes.org\/index.php\/wp-json\/wp\/v2\/posts\/384\/revisions"}],"predecessor-version":[{"id":385,"href":"https:\/\/santateresadelosandes.org\/index.php\/wp-json\/wp\/v2\/posts\/384\/revisions\/385"}],"wp:featuredmedia":[{"embeddable":true,"href":"https:\/\/santateresadelosandes.org\/index.php\/wp-json\/wp\/v2\/media\/588"}],"wp:attachment":[{"href":"https:\/\/santateresadelosandes.org\/index.php\/wp-json\/wp\/v2\/media?parent=384"}],"wp:term":[{"taxonomy":"category","embeddable":true,"href":"https:\/\/santateresadelosandes.org\/index.php\/wp-json\/wp\/v2\/categories?post=384"},{"taxonomy":"post_tag","embeddable":true,"href":"https:\/\/santateresadelosandes.org\/index.php\/wp-json\/wp\/v2\/tags?post=384"}],"curies":[{"name":"wp","href":"https:\/\/api.w.org\/{rel}","templated":true}]}}