{"id":386,"date":"2020-07-01T18:34:03","date_gmt":"2020-07-01T22:34:03","guid":{"rendered":"http:\/\/santateresadelosandes.org\/?p=386"},"modified":"2020-07-13T18:20:50","modified_gmt":"2020-07-13T22:20:50","slug":"126-a-su-padre-agosto-de-1919","status":"publish","type":"post","link":"https:\/\/santateresadelosandes.org\/index.php\/2020\/07\/01\/126-a-su-padre-agosto-de-1919\/","title":{"rendered":"126. A su padre Agosto de 1919"},"content":{"rendered":"\n<p>Pax Christi Agosto de 1919&nbsp;<\/p>\n\n\n\n<p>Querido papacito: Que la gracia del Esp\u00edritu Santo sea siempre en su alma.&nbsp;<\/p>\n\n\n\n<p>Nuestra Madrecita me permite enviarle estas l\u00edneas para decirle que su hija sufre con Ud. por la muerte tan desconsoladora del t\u00edo Andr\u00e9s. Le aseguro que me ha producido una impresi\u00f3n horrible. \u00a1Qu\u00e9 de sorpresa llega la muerte, cuando no se piensa que hay una eternidad tras ella! Sin embargo, papacito, no desconfiemos de la misericordia de Dios que es infinita. Un solo gemido de su coraz\u00f3n basta para que sus pecados le hayan sido perdonados, aunque a nuestra vista y juicio aparezca lo contrario. Confiemos en Dios, pero tambi\u00e9n no hay que abusar de su infinito amor. Por eso, lo mejor es vivir en paz con N. Se\u00f1or, de modo que, si la muerte viene de repente, no nos sorprenda y aterrorice.&nbsp;<\/p>\n\n\n\n<p>\u00a1Qu\u00e9 diferencia existe tan inmensa en el modo de considerar la muerte de un cristiano y el que no lo es! Este s\u00f3lo encuentra vac\u00edo, la nada, el fr\u00edo de la tumba. El cristiano encuentra el t\u00e9rmino de su destierro, de sus sufrimientos; el principio de sus goces eternos. Encuentra, en una palabra, a su Dios, que es su Padre, que ha velado sobre \u00e9l en cada paso que ha dado en la senda del bien y del dolor. All\u00ed est\u00e1 su padre con los brazos extendidos para recibirlo y darle su corona. Qu\u00e9 paz no da esto en un trance tan horrible como es el de la destrucci\u00f3n de nuestro ser.&nbsp;<\/p>\n\n\n\n<p>No me canso de darle gracias a Dios por haberme dado un padre tan cristiano como el que tengo. Esos sentimientos de fe, papacito, que me demuestra en su carta, son el orgullo de su hija carmelita, la que no cesa de rogar porque cada vez sea m\u00e1s cristiano, m\u00e1s de Dios.&nbsp;<\/p>\n\n\n\n<p>Quisiera seguir conversando, pero se me concluy\u00f3 el tiempo. Adi\u00f3s, mi papachito lindo. Saludos para mi mamacita y hermanos. Y Ud. reciba el inmenso cari\u00f1o de su carmelita, que lo acompa\u00f1a a toda hora. Su indigna<\/p>\n\n\n\n<p>Teresa de Jes\u00fas, Carmelita<\/p>\n","protected":false},"excerpt":{"rendered":"<p>Pax Christi Agosto de 1919&nbsp; Querido papacito: Que la gracia del Esp\u00edritu Santo sea siempre en su alma.&nbsp; Nuestra Madrecita me permite enviarle estas l\u00edneas para decirle que su hija sufre con Ud. por la muerte tan desconsoladora del t\u00edo Andr\u00e9s. Le aseguro que me ha producido una impresi\u00f3n horrible. \u00a1Qu\u00e9 de sorpresa llega la [&hellip;]<\/p>\n","protected":false},"author":1,"featured_media":588,"comment_status":"closed","ping_status":"open","sticky":false,"template":"","format":"standard","meta":[],"categories":[17,4],"tags":[],"_links":{"self":[{"href":"https:\/\/santateresadelosandes.org\/index.php\/wp-json\/wp\/v2\/posts\/386"}],"collection":[{"href":"https:\/\/santateresadelosandes.org\/index.php\/wp-json\/wp\/v2\/posts"}],"about":[{"href":"https:\/\/santateresadelosandes.org\/index.php\/wp-json\/wp\/v2\/types\/post"}],"author":[{"embeddable":true,"href":"https:\/\/santateresadelosandes.org\/index.php\/wp-json\/wp\/v2\/users\/1"}],"replies":[{"embeddable":true,"href":"https:\/\/santateresadelosandes.org\/index.php\/wp-json\/wp\/v2\/comments?post=386"}],"version-history":[{"count":1,"href":"https:\/\/santateresadelosandes.org\/index.php\/wp-json\/wp\/v2\/posts\/386\/revisions"}],"predecessor-version":[{"id":387,"href":"https:\/\/santateresadelosandes.org\/index.php\/wp-json\/wp\/v2\/posts\/386\/revisions\/387"}],"wp:featuredmedia":[{"embeddable":true,"href":"https:\/\/santateresadelosandes.org\/index.php\/wp-json\/wp\/v2\/media\/588"}],"wp:attachment":[{"href":"https:\/\/santateresadelosandes.org\/index.php\/wp-json\/wp\/v2\/media?parent=386"}],"wp:term":[{"taxonomy":"category","embeddable":true,"href":"https:\/\/santateresadelosandes.org\/index.php\/wp-json\/wp\/v2\/categories?post=386"},{"taxonomy":"post_tag","embeddable":true,"href":"https:\/\/santateresadelosandes.org\/index.php\/wp-json\/wp\/v2\/tags?post=386"}],"curies":[{"name":"wp","href":"https:\/\/api.w.org\/{rel}","templated":true}]}}