{"id":388,"date":"2020-07-01T18:34:23","date_gmt":"2020-07-01T22:34:23","guid":{"rendered":"http:\/\/santateresadelosandes.org\/?p=388"},"modified":"2020-07-13T18:20:50","modified_gmt":"2020-07-13T22:20:50","slug":"127-a-elisa-valdes-ossa-28-de-agosto-1919","status":"publish","type":"post","link":"https:\/\/santateresadelosandes.org\/index.php\/2020\/07\/01\/127-a-elisa-valdes-ossa-28-de-agosto-1919\/","title":{"rendered":"127. A Elisa Vald\u00e9s Ossa 28 de agosto 1919"},"content":{"rendered":"\n<p>J M.J.T. Pax Christi&nbsp;<\/p>\n\n\n\n<p>28 de agosto 1919&nbsp;<\/p>\n\n\n\n<p>Se\u00f1orita Elisa Vald\u00e9s Ossa&nbsp;<\/p>\n\n\n\n<p>Mi Eli tan querida: Que la gracia del Esp\u00edritu Santo sea en tu alma.&nbsp;<\/p>\n\n\n\n<p>Perd\u00f3name no haya contestado a tu cartita inmediatamente; pero todos estos d\u00edas he tenido mucho quehacer, y ayer estuvimos de fiesta por las bodas de plata de la hermanita Mar\u00eda de S. Jos\u00e9. No te imaginas lo que la celebramos. Tanto que la pobrecita, en su humildad -pues es una santa-, llegaba a llorar: versos divertidos, cantos en guitarra, etc. Nos divertimos much\u00edsimo. Todo es sencillez y alegr\u00eda en el Carmen, y cada una se esmera en poner de su parte cuanto pueda para alegrar a sus hermanas. Verdaderamente es un encanto vivir en medio de santas hermanas, pues todas no forman sino un solo coraz\u00f3n.&nbsp;<\/p>\n\n\n\n<p>A veces, cr\u00e9eme, [me parece] que estoy so\u00f1ando estar en el Carmen. Todav\u00eda no puedo convencerme poseer una felicidad tan incomparable. Las que no tienen vocaci\u00f3n no la comprenden, pues encuentran que no hay dicha en el sacrificio, cuando en el sacrificio que se hace por Dios est\u00e1 el m\u00e1s puro goce. Pero esto es cuando la voluntad de Dios lo pide; pues, como t\u00fa muchas veces me lo has asegurado, te encuentras feliz en medio de los tuyos, haciendo el bien que puedes. Y te creo, pues es eso lo que exige Dios de ti.&nbsp;<\/p>\n\n\n\n<p>Mucho gozar\u00eda, mi Eli, tenerlas por aqu\u00ed un d\u00eda. Consigan con tu mam\u00e1 un viajecito a mi palomarcito, tan pobrecito exteriormente, pero que encierra interiormente el cielo. \u00bfTe acuerdas de las misiones en Cunaco? Nunca olvidar\u00e9 esos d\u00edas cerca de Uds. Tan bien que lo pasamos.&nbsp;<\/p>\n\n\n\n<p>No te puedo escribir m\u00e1s porque van a tocar a v\u00edsperas. Te doy las gracias por el cajoncito que nos enviaste. Nuestra Madrecita y Hermanitas rezan por ti. Dile a Jaime que un mill\u00f3n de gracias por la S. Familia. Y dijo la Hermanita que rezar\u00eda por \u00e9l para que fuera sacerdote (ya lo veo haciendo gestos). A tu mam\u00e1 y pap\u00e1, un saludo muy cari\u00f1oso. Lo mismo a Pablo y Jaime. A la Gordita, un pellizco; y a mi Eli, el inmenso cari\u00f1o de su indigna hermana&nbsp;<\/p>\n\n\n\n<p>Teresa de Jes\u00fas, Carmelita&nbsp;<\/p>\n\n\n\n<p>Todos los d\u00edas rezo por ti. Dios te pague tu caridad. La plata siempre llega. Que Dios te lo pague, pichita.<\/p>\n","protected":false},"excerpt":{"rendered":"<p>J M.J.T. Pax Christi&nbsp; 28 de agosto 1919&nbsp; Se\u00f1orita Elisa Vald\u00e9s Ossa&nbsp; Mi Eli tan querida: Que la gracia del Esp\u00edritu Santo sea en tu alma.&nbsp; Perd\u00f3name no haya contestado a tu cartita inmediatamente; pero todos estos d\u00edas he tenido mucho quehacer, y ayer estuvimos de fiesta por las bodas de plata de la hermanita [&hellip;]<\/p>\n","protected":false},"author":1,"featured_media":588,"comment_status":"closed","ping_status":"open","sticky":false,"template":"","format":"standard","meta":[],"categories":[17,4],"tags":[],"_links":{"self":[{"href":"https:\/\/santateresadelosandes.org\/index.php\/wp-json\/wp\/v2\/posts\/388"}],"collection":[{"href":"https:\/\/santateresadelosandes.org\/index.php\/wp-json\/wp\/v2\/posts"}],"about":[{"href":"https:\/\/santateresadelosandes.org\/index.php\/wp-json\/wp\/v2\/types\/post"}],"author":[{"embeddable":true,"href":"https:\/\/santateresadelosandes.org\/index.php\/wp-json\/wp\/v2\/users\/1"}],"replies":[{"embeddable":true,"href":"https:\/\/santateresadelosandes.org\/index.php\/wp-json\/wp\/v2\/comments?post=388"}],"version-history":[{"count":1,"href":"https:\/\/santateresadelosandes.org\/index.php\/wp-json\/wp\/v2\/posts\/388\/revisions"}],"predecessor-version":[{"id":389,"href":"https:\/\/santateresadelosandes.org\/index.php\/wp-json\/wp\/v2\/posts\/388\/revisions\/389"}],"wp:featuredmedia":[{"embeddable":true,"href":"https:\/\/santateresadelosandes.org\/index.php\/wp-json\/wp\/v2\/media\/588"}],"wp:attachment":[{"href":"https:\/\/santateresadelosandes.org\/index.php\/wp-json\/wp\/v2\/media?parent=388"}],"wp:term":[{"taxonomy":"category","embeddable":true,"href":"https:\/\/santateresadelosandes.org\/index.php\/wp-json\/wp\/v2\/categories?post=388"},{"taxonomy":"post_tag","embeddable":true,"href":"https:\/\/santateresadelosandes.org\/index.php\/wp-json\/wp\/v2\/tags?post=388"}],"curies":[{"name":"wp","href":"https:\/\/api.w.org\/{rel}","templated":true}]}}