{"id":431,"date":"2020-07-01T18:45:50","date_gmt":"2020-07-01T22:45:50","guid":{"rendered":"http:\/\/santateresadelosandes.org\/?p=431"},"modified":"2020-07-13T18:20:01","modified_gmt":"2020-07-13T22:20:01","slug":"147-a-su-hermana-rebeca-16-de-noviembre-de-1919","status":"publish","type":"post","link":"https:\/\/santateresadelosandes.org\/index.php\/2020\/07\/01\/147-a-su-hermana-rebeca-16-de-noviembre-de-1919\/","title":{"rendered":"147. A su hermana Rebeca 16 de noviembre de 1919"},"content":{"rendered":"\n<p>Pax Christi J M.J.T. Noviembre 16, 1919&nbsp;<\/p>\n\n\n\n<p>Se\u00f1orita Rebeca Fern\u00e1ndez&nbsp;<\/p>\n\n\n\n<p>Querida hermanita: Que Jes\u00fas te mire y te ame siempre.&nbsp;<\/p>\n\n\n\n<p>No podr\u00eda expresarte los deseos que he tenido de escribirte, pero he tenido que sacrificarlos por el Amor. \u00a1Cu\u00e1n unida he estado a ti en ese mi querido Cunaco del cual conservo tan gratos recuerdos! Y me parece que cuanto m\u00e1s te acercas a Jes\u00fas, m\u00e1s cerca te siento, hermanita querida. Yo, cada d\u00eda m\u00e1s feliz. Ayer hizo un mes de mi toma de h\u00e1bito, tiempo que se me ha transcurrido volando. As\u00ed se pasa la vida en el Carmen, y luego nos encontraremos en la eternidad, mirando desde ella la vida como un punto que pas\u00f3 sin darnos cuenta. \u00bfQu\u00e9 ser\u00eda de nosotros, si no pasara la vida as\u00ed? Sobre todo ser\u00eda horrible para la gente del mundo, para la cual no hay dicha cumplida: ya que para una car-melita existe el cielo en la tierra. Posee a Dios y con el Todo le basta .&nbsp;<\/p>\n\n\n\n<p>La Elena me escribi\u00f3 anteriormente, cuanto t\u00fa estabas all\u00e1 en Santiago. Le escrib\u00ed una carta en que le digo que es tambi\u00e9n para ti. As\u00ed es que p\u00eddesela.&nbsp;<\/p>\n\n\n\n<p>Supongo que habr\u00e1n aprovechado estos d\u00edas para estar bien cerquita de Jes\u00fas, viviendo con El bajo un mismo techo. Cr\u00e9eme que las envidio, porque pueden acercarse a todas horas a su prisi\u00f3n. Sin embargo, por otro lado pienso que esto es s\u00f3lo por algunos d\u00edas; mientras que yo, estando prisionera tambi\u00e9n y encadenada por su amor, permanezco siempre junto al altar, sufriendo y amando. Este es mi ideal; pues as\u00ed la carmelita recoge la sangre que mana del sacrificio de Jes\u00fas, para derramarla en las almas. As\u00f3ciate a m\u00ed, hermanita, obrando en todo por amor; aceptando todos los sufrimientos con alegr\u00eda por consolar al Hombre-Dios. Al mirar mi celdita tan pobre, no puedo menos de sentirme dichosa de haber renunciado a todo lo superfluo por poseer a Dios. El es mi riqueza infinita, mi beatitud, mi cielo. Amalo t\u00fa tambi\u00e9n, hermanita m\u00eda, para que seas dichosa.&nbsp;<\/p>\n\n\n\n<p>\u00bfQu\u00e9 pr\u00e1cticas est\u00e1s haciendo en el mes de Mar\u00eda? H\u00f3nrala mucho. Es tu madre tan buena y cari\u00f1osa, que jam\u00e1s dejar\u00e1 de velar por ti. Ayer no m\u00e1s me hizo una gran gracia esta Madre de mi alma. Cuando recurro a Ella, jam\u00e1s me desatiende.&nbsp;<\/p>\n\n\n\n<p>No te escribo m\u00e1s, porque tengo esta carta desde el domingo. No s\u00e9 si te encontrar\u00e1 all\u00e1, en Cunaco. Saluda, pero con mucho cari\u00f1o, a mis t\u00edos. Para la Eli y Herminita no s\u00e9 qu\u00e9 mandarles que corres-ponda a mi cari\u00f1o para ellas. Saluda a los Padres y Mar\u00eda y Pepe.&nbsp;<\/p>\n\n\n\n<p>Adi\u00f3s, mi hermanita m\u00e1s querida. Quisiera decirte lo mucho que te quiero y deseo que seas toda de mi Jes\u00fas. Cuando te acerques al tabern\u00e1culo, dale a Jes\u00fas mi pobre coraz\u00f3n, para que lo llene de su amor.<\/p>\n\n\n\n<p>Teresa de Jes\u00fas, Carmelita<\/p>\n","protected":false},"excerpt":{"rendered":"<p>Pax Christi J M.J.T. Noviembre 16, 1919&nbsp; Se\u00f1orita Rebeca Fern\u00e1ndez&nbsp; Querida hermanita: Que Jes\u00fas te mire y te ame siempre.&nbsp; No podr\u00eda expresarte los deseos que he tenido de escribirte, pero he tenido que sacrificarlos por el Amor. \u00a1Cu\u00e1n unida he estado a ti en ese mi querido Cunaco del cual conservo tan gratos recuerdos! [&hellip;]<\/p>\n","protected":false},"author":1,"featured_media":589,"comment_status":"closed","ping_status":"open","sticky":false,"template":"","format":"standard","meta":[],"categories":[17,4],"tags":[],"_links":{"self":[{"href":"https:\/\/santateresadelosandes.org\/index.php\/wp-json\/wp\/v2\/posts\/431"}],"collection":[{"href":"https:\/\/santateresadelosandes.org\/index.php\/wp-json\/wp\/v2\/posts"}],"about":[{"href":"https:\/\/santateresadelosandes.org\/index.php\/wp-json\/wp\/v2\/types\/post"}],"author":[{"embeddable":true,"href":"https:\/\/santateresadelosandes.org\/index.php\/wp-json\/wp\/v2\/users\/1"}],"replies":[{"embeddable":true,"href":"https:\/\/santateresadelosandes.org\/index.php\/wp-json\/wp\/v2\/comments?post=431"}],"version-history":[{"count":1,"href":"https:\/\/santateresadelosandes.org\/index.php\/wp-json\/wp\/v2\/posts\/431\/revisions"}],"predecessor-version":[{"id":432,"href":"https:\/\/santateresadelosandes.org\/index.php\/wp-json\/wp\/v2\/posts\/431\/revisions\/432"}],"wp:featuredmedia":[{"embeddable":true,"href":"https:\/\/santateresadelosandes.org\/index.php\/wp-json\/wp\/v2\/media\/589"}],"wp:attachment":[{"href":"https:\/\/santateresadelosandes.org\/index.php\/wp-json\/wp\/v2\/media?parent=431"}],"wp:term":[{"taxonomy":"category","embeddable":true,"href":"https:\/\/santateresadelosandes.org\/index.php\/wp-json\/wp\/v2\/categories?post=431"},{"taxonomy":"post_tag","embeddable":true,"href":"https:\/\/santateresadelosandes.org\/index.php\/wp-json\/wp\/v2\/tags?post=431"}],"curies":[{"name":"wp","href":"https:\/\/api.w.org\/{rel}","templated":true}]}}