{"id":449,"date":"2020-07-01T18:52:39","date_gmt":"2020-07-01T22:52:39","guid":{"rendered":"http:\/\/santateresadelosandes.org\/?p=449"},"modified":"2020-07-13T18:19:49","modified_gmt":"2020-07-13T22:19:49","slug":"156-a-herminia-valdes-ossa-8-de-enero-de-1920","status":"publish","type":"post","link":"https:\/\/santateresadelosandes.org\/index.php\/2020\/07\/01\/156-a-herminia-valdes-ossa-8-de-enero-de-1920\/","title":{"rendered":"156. A Herminia Vald\u00e9s Ossa 8 de enero de 1920"},"content":{"rendered":"\n<p>J .M .J .T. Pax Christi&nbsp;<\/p>\n\n\n\n<p>Convento del Esp\u00edritu Santo, 8 de enero de 1920&nbsp;<\/p>\n\n\n\n<p>Se\u00f1orita Herminia Vald\u00e9s Ossa&nbsp;<\/p>\n\n\n\n<p>Mi Gordita querida: Que Jes\u00fas sea tu mejor y \u00fanico amigo.&nbsp;<\/p>\n\n\n\n<p>Mucho hemos agradecido tu cari\u00f1osa encomienda, la cual s\u00f3lo podemos pagarles con nuestras oraciones.&nbsp;<\/p>\n\n\n\n<p>Mucho te recuerdo delante de N. Se\u00f1or, especialmente despu\u00e9s de recibirlo en la santa comuni\u00f3n. Ojal\u00e1 El te d\u00e9 a conocer su divina voluntad para que, cumpli\u00e9ndola, le seas cada vez m\u00e1s agradable a su divino coraz\u00f3n.&nbsp;<\/p>\n\n\n\n<p>Mi Gordita querida: \u00a1qui\u00e9n pudiera decirte y darte algo de lo que encierra mi conventito: la paz, la dicha de que disfruta mi alma perteneciendo por completo a Jes\u00fas! Cuando vienen a verme de casa y se van dej\u00e1ndome en mi conventito, me siento feliz de que El sea el due\u00f1o absoluto de mi ser; de haberle dato todo, hasta mi propia voluntad. Mas no creas que tambi\u00e9n no siento el sacrificio, pues la separaci\u00f3n siempre se siente intensamente; pero all\u00ed est\u00e1 el m\u00e9rito. \u00bfAcaso no se muestra el amor en el sacrificio? Adem\u00e1s pienso en el amor de Jes\u00fas, y entonces todo lo que pueda ofrecerle me parece poco. Al verlo en la cuna en pobres pajas, calentado por animales, desechado por los hombres, llorando de fr\u00edo, \u00bfpodr\u00e9 tomar en cuenta todos los sacrificios del mundo?&nbsp;<\/p>\n\n\n\n<p>Gordita querida, amemos a Jes\u00fas que tanto nos ha amado. Rodeemos su sagrario muchas veces al d\u00eda con el pensamiento. El siempre nos mira y ans\u00eda que le amemos, a pesar que es un Dios. El vive all\u00ed m\u00e1s pobre que en Bel\u00e9n; m\u00e1s impotente est\u00e1 que cuando era ni\u00f1o; no se puede valer por S\u00ed mismo y El es la Vida misma.&nbsp;<\/p>\n\n\n\n<p>Te recomiendo en Vi\u00f1a del Mar la comuni\u00f3n diaria para reparar y consolar a N. Se\u00f1or, que tanto se le ofende en las vacaciones. A ti que no te gustan los paseos ni las chiquillas busca al Coraz\u00f3n de Jes\u00fas. El te pide lo consueles y lo ames. \u00bfPodr\u00e1s neg\u00e1rselo, cuando s\u00f3lo est\u00e1 all\u00ed para amarte, para ser el alimento de tu alma, para ser tu amigo, para ser tu Todo adorado? Tambi\u00e9n procura ya ense\u00f1ar catecismo con la Eli o hacer ropa para los pobres.&nbsp;<\/p>\n\n\n\n<p>\u00bfQu\u00e9 te ha parecido la muerte de la Silvia? \u00a1Que horrible! Cuando menos se piensa llega la muerte. Entonces todo desaparece y s\u00f3lo el bien [se] lleva consigo. Aprovech\u00e9monos.&nbsp;<\/p>\n\n\n\n<p>Para tu pap\u00e1, mam\u00e1 y hermanos un saludo cari\u00f1oso de A\u00f1o Nuevo. Para la Eli, un recuerdo y mis pobres oraciones. Dile a tu mam\u00e1 que todas las semanas ofrezco una comuni\u00f3n y misa por don Pepe y otras cosas. \u00bfPor Jaime rezar m\u00e1s aqu\u00ed todas? Imposible. Dile que lo felicito por el \u00e9xito de su examen de italiano. A Dios, mi hermanita querida. Vivamos muy unidas con Jes\u00fas y que El te transforme cada vez m\u00e1s en este a\u00f1o. Reza por m\u00ed. Tu indigna&nbsp;<\/p>\n\n\n\n<p>Teresa de Jes\u00fas, Carmelita&nbsp;<\/p>\n\n\n\n<p>Saluda a Juana y Elvira. Nuestra Madrecita y Hermanitas corresponden tus saludos.<\/p>\n","protected":false},"excerpt":{"rendered":"<p>J .M .J .T. Pax Christi&nbsp; Convento del Esp\u00edritu Santo, 8 de enero de 1920&nbsp; Se\u00f1orita Herminia Vald\u00e9s Ossa&nbsp; Mi Gordita querida: Que Jes\u00fas sea tu mejor y \u00fanico amigo.&nbsp; Mucho hemos agradecido tu cari\u00f1osa encomienda, la cual s\u00f3lo podemos pagarles con nuestras oraciones.&nbsp; Mucho te recuerdo delante de N. Se\u00f1or, especialmente despu\u00e9s de recibirlo [&hellip;]<\/p>\n","protected":false},"author":1,"featured_media":589,"comment_status":"closed","ping_status":"open","sticky":false,"template":"","format":"standard","meta":[],"categories":[18,4],"tags":[],"_links":{"self":[{"href":"https:\/\/santateresadelosandes.org\/index.php\/wp-json\/wp\/v2\/posts\/449"}],"collection":[{"href":"https:\/\/santateresadelosandes.org\/index.php\/wp-json\/wp\/v2\/posts"}],"about":[{"href":"https:\/\/santateresadelosandes.org\/index.php\/wp-json\/wp\/v2\/types\/post"}],"author":[{"embeddable":true,"href":"https:\/\/santateresadelosandes.org\/index.php\/wp-json\/wp\/v2\/users\/1"}],"replies":[{"embeddable":true,"href":"https:\/\/santateresadelosandes.org\/index.php\/wp-json\/wp\/v2\/comments?post=449"}],"version-history":[{"count":1,"href":"https:\/\/santateresadelosandes.org\/index.php\/wp-json\/wp\/v2\/posts\/449\/revisions"}],"predecessor-version":[{"id":450,"href":"https:\/\/santateresadelosandes.org\/index.php\/wp-json\/wp\/v2\/posts\/449\/revisions\/450"}],"wp:featuredmedia":[{"embeddable":true,"href":"https:\/\/santateresadelosandes.org\/index.php\/wp-json\/wp\/v2\/media\/589"}],"wp:attachment":[{"href":"https:\/\/santateresadelosandes.org\/index.php\/wp-json\/wp\/v2\/media?parent=449"}],"wp:term":[{"taxonomy":"category","embeddable":true,"href":"https:\/\/santateresadelosandes.org\/index.php\/wp-json\/wp\/v2\/categories?post=449"},{"taxonomy":"post_tag","embeddable":true,"href":"https:\/\/santateresadelosandes.org\/index.php\/wp-json\/wp\/v2\/tags?post=449"}],"curies":[{"name":"wp","href":"https:\/\/api.w.org\/{rel}","templated":true}]}}