{"id":451,"date":"2020-07-01T18:53:29","date_gmt":"2020-07-01T22:53:29","guid":{"rendered":"http:\/\/santateresadelosandes.org\/?p=451"},"modified":"2020-07-13T18:19:49","modified_gmt":"2020-07-13T22:19:49","slug":"157-a-su-madre-18-de-enero-de-1920","status":"publish","type":"post","link":"https:\/\/santateresadelosandes.org\/index.php\/2020\/07\/01\/157-a-su-madre-18-de-enero-de-1920\/","title":{"rendered":"157. A su madre 18 de enero de 1920"},"content":{"rendered":"\n<p>J.M.J.T. Pax Christi&nbsp;<\/p>\n\n\n\n<p>Convento del Esp\u00edritu Santo, 18 de enero, 1920&nbsp;<\/p>\n\n\n\n<p>Se\u00f1ora Luc\u00eda Solar de Fern\u00e1ndez&nbsp;<\/p>\n\n\n\n<p>Mi mamacita querida: Que la gracia del Esp\u00edritu Santo sea en su alma.&nbsp;<\/p>\n\n\n\n<p>Mucho he agradecido a N. Se\u00f1or los haya llevado de nuevo al Algarrobo, del cual tengo tan buenos recuerdos, y donde me parece pasar\u00e1n tranquilos y contentos. Lo \u00fanico que siento es que mi papacito no est\u00e9 con Uds., pues el pobre viejito pasa tan solo.&nbsp;<\/p>\n\n\n\n<p>Por mi parte, mamachita, no se apure, pues paso siempre en vacaciones con Jes\u00fas&#8230; Adem\u00e1s, tambi\u00e9n desde Pascua -el 25- hasta el 6 de enero, tuvimos varios d\u00edas de recreaciones que, podemos decir, son el veraneo de la carmelita.&nbsp;<\/p>\n\n\n\n<p>Sin embargo, mamachita, nada hay que pueda ser un atractivo para el alma que s\u00f3lo busca a Dios; y yo misma me espanto al considerar esta indiferencia respecto a\u00fan de aquello que antes me entusiasmaba. Mi \u00fanica dicha, por ahora, es s\u00f3lo vivir con mi Jes\u00fas. En El encuentro en grado infinito todo lo que mi alma puede ambicionar.&nbsp;<\/p>\n\n\n\n<p>No se canse, mamachita querida, de darle gracias a Dios por haberme escogido para S\u00ed, a pesar de ser tan miserable; y que la vocaci\u00f3n de su carmelita le sirva siempre para m\u00e1s amar y alabar.&nbsp;<\/p>\n\n\n\n<p>Recib\u00ed la carta de la Rebeca, y no pude menos de conmoverme al ver todo lo que sufre. Cr\u00e9ame, mamacita, que quiz\u00e1s yo en su lugar no hubiera sido tan generosa como lo es ella. Es necesario que Jes\u00fas me haya revestido de su gracia para seguirlo, pues jam\u00e1s los hubiera dejado, queri\u00e9ndolos como los he querido. Por el momento me parece que es necesario rodearla de cari\u00f1o y no contrariarla, pues temo que su estado de \u00e1nimo se empeore. Tambi\u00e9n veo que Dios obra en su alma por medio del aislamiento, para atraerla a S\u00ed, y cada d\u00eda me convenzo m\u00e1s que la har\u00e1 enteramente suya. D\u00edgale que pronto le escribir\u00e9.&nbsp;<\/p>\n\n\n\n<p>A la Luc\u00eda y a Chiro los veo siempre con rostros sonrientes, cada d\u00eda m\u00e1s felices con su Lucecita. Sal\u00fadelos y d\u00edgales que les escribir\u00eda, pero que no puedo hacerlo. A Ignacito, que lo mando felicitar por sus premios. D\u00edgale que me escriba para ver sus adelantos. A mi mamita, Rosa, Susana y a todas las de la casa, sal\u00fadelas y d\u00edgales que de nadie me olvido en mis pobres oraciones. Si la Mar\u00eda C\u00e1ceres no est\u00e1 all\u00e1, d\u00edgale a la Rebeca que le escriba, pues yo ya no lo puedo hacer. A Lucho, que espero su carta. A Dios. Cada vez que mire al mar, ame a Dios para que se una a su carmelita, cuya sola ocupaci\u00f3n es amarlo, aunque tan miserablemente.&nbsp;<\/p>\n\n\n\n<p>Nuestra Madrecita corresponde a sus saludos. Tiene que agradecerle mucho me deje escribirles, pues en el noviciado casi no se escribe. \u00bfY el pobre Miguel? Su indigna&nbsp;<\/p>\n\n\n\n<p>Teresa de Jesus, Carmelita&nbsp;<\/p>\n\n\n\n<p>No se olvide de colocar los n\u00fameros de la rifa porque apuran. 21. Ayer estuvo el P. Falgueras.<\/p>\n","protected":false},"excerpt":{"rendered":"<p>J.M.J.T. Pax Christi&nbsp; Convento del Esp\u00edritu Santo, 18 de enero, 1920&nbsp; Se\u00f1ora Luc\u00eda Solar de Fern\u00e1ndez&nbsp; Mi mamacita querida: Que la gracia del Esp\u00edritu Santo sea en su alma.&nbsp; Mucho he agradecido a N. Se\u00f1or los haya llevado de nuevo al Algarrobo, del cual tengo tan buenos recuerdos, y donde me parece pasar\u00e1n tranquilos y [&hellip;]<\/p>\n","protected":false},"author":1,"featured_media":589,"comment_status":"closed","ping_status":"open","sticky":false,"template":"","format":"standard","meta":[],"categories":[18,4],"tags":[],"_links":{"self":[{"href":"https:\/\/santateresadelosandes.org\/index.php\/wp-json\/wp\/v2\/posts\/451"}],"collection":[{"href":"https:\/\/santateresadelosandes.org\/index.php\/wp-json\/wp\/v2\/posts"}],"about":[{"href":"https:\/\/santateresadelosandes.org\/index.php\/wp-json\/wp\/v2\/types\/post"}],"author":[{"embeddable":true,"href":"https:\/\/santateresadelosandes.org\/index.php\/wp-json\/wp\/v2\/users\/1"}],"replies":[{"embeddable":true,"href":"https:\/\/santateresadelosandes.org\/index.php\/wp-json\/wp\/v2\/comments?post=451"}],"version-history":[{"count":1,"href":"https:\/\/santateresadelosandes.org\/index.php\/wp-json\/wp\/v2\/posts\/451\/revisions"}],"predecessor-version":[{"id":452,"href":"https:\/\/santateresadelosandes.org\/index.php\/wp-json\/wp\/v2\/posts\/451\/revisions\/452"}],"wp:featuredmedia":[{"embeddable":true,"href":"https:\/\/santateresadelosandes.org\/index.php\/wp-json\/wp\/v2\/media\/589"}],"wp:attachment":[{"href":"https:\/\/santateresadelosandes.org\/index.php\/wp-json\/wp\/v2\/media?parent=451"}],"wp:term":[{"taxonomy":"category","embeddable":true,"href":"https:\/\/santateresadelosandes.org\/index.php\/wp-json\/wp\/v2\/categories?post=451"},{"taxonomy":"post_tag","embeddable":true,"href":"https:\/\/santateresadelosandes.org\/index.php\/wp-json\/wp\/v2\/tags?post=451"}],"curies":[{"name":"wp","href":"https:\/\/api.w.org\/{rel}","templated":true}]}}