{"id":457,"date":"2020-07-01T18:55:17","date_gmt":"2020-07-01T22:55:17","guid":{"rendered":"http:\/\/santateresadelosandes.org\/?p=457"},"modified":"2020-07-13T18:19:49","modified_gmt":"2020-07-13T22:19:49","slug":"160-a-su-prima-ana-rucker-solar-17-de-febrero-de-1920","status":"publish","type":"post","link":"https:\/\/santateresadelosandes.org\/index.php\/2020\/07\/01\/160-a-su-prima-ana-rucker-solar-17-de-febrero-de-1920\/","title":{"rendered":"160. A su prima Ana Rucker Solar 17 de febrero de 1920"},"content":{"rendered":"\n<p>Pax Christi Convento del Esp\u00edritu Santo,&nbsp;&nbsp;17 de febrero, 1920&nbsp;<\/p>\n\n\n\n<p>Mi siempre y tan querida Anita: Que la gracia del Esp\u00edritu Santo sea en tu alma&#8230;&nbsp;<\/p>\n\n\n\n<p>No necesito decirte que mi felicidad es cada d\u00eda mayor, pues teniendo las mismas aspiraciones, conoces que s\u00f3lo Dios nos basta para ser dichosas. Palpo a cada instante lo que es ser toda de Dios y me parece que, si ahora me fuera necesario pasar por el fuego para consagrarme a El, no titubear\u00eda en hacerlo; pues todos los sacrificios desaparecen ante la dicha de poseer a s\u00f3lo Dios.&nbsp;<\/p>\n\n\n\n<p>Nada s\u00e9, mi querida Anita, del estado en que te encuentras respecto a tu entrada al Sdo. Coraz\u00f3n. Espero ha de estar muy adelante y que pronto realices tus deseos. No creas que, al preferir mi vocaci\u00f3n de carmelita, no aprecie tu vocaci\u00f3n, que la encuentro tambi\u00e9n toda llena de sacrificio y abnegaci\u00f3n. Pero para m\u00ed exist\u00eda un atractivo inmenso para la vida de oraci\u00f3n, para la vida de \u00edntima uni\u00f3n con Dios ya desde este destierro. Sin embargo, quiero proponerte una nueva vocaci\u00f3n que creo te gustar\u00e1, y es que seas religiosa del Sdo. Coraz\u00f3n en las obras de celo, y que seas carmelita, que vivas siempre con Dios en el fondo de tu alma.&nbsp;<\/p>\n\n\n\n<p>No es \u00e9sta una vocaci\u00f3n nueva. Es la tuya propia. Tienes que poseer a Dios para darlo a las almas. Prep\u00e1rate mientras est\u00e9s en el mundo para la vida religiosa, practicando las virtudes de obediencia y humildad. Obedecer a la primera indicaci\u00f3n, sin demostrar en absoluto contrariedad, y tambi\u00e9n fijarse en lo que se ordena para no tener la disculpa de que se ha olvidado; pues una religiosa debe fijarse y estar sobre s\u00ed siempre. En la humildad, ejerc\u00edtate en no disculparte, en prestar servicios, a\u00fan a las sirvientes, y considerarte siempre como la \u00faltima, haciendo la voluntad de los otros sin que noten en ti el sacrificio.&nbsp;<\/p>\n\n\n\n<p>Sobre todo, s\u00e9 muy fiel en hacer aquello que el Se\u00f1or te inspira; m\u00e1s a\u00fan, si son peque\u00f1eces, pues la vida religiosa es una serie de cosas peque\u00f1as; las cuales, obradas con perfecci\u00f3n, engrandecen el alma. Todo esto que te digo, es s\u00f3lo lo que oigo y veo en mis hermanitas, pues todav\u00eda no s\u00e9 nada.&nbsp;<\/p>\n\n\n\n<p>Quisiera seguir, pero luego tocar\u00e1n a maitines. Saluda a tu mam\u00e1 y a todos. Y t\u00fa recibe, querida Anita, desde esta mi pobre celdita, un cari\u00f1oso abrazo de tu prima carmelita que vive m\u00e1s en un cielo que en la tierra.&nbsp;<\/p>\n\n\n\n<p>Nuestra Madrecita te manda un saludo cari\u00f1oso. Reza para que sea fervorosa. Tu indigna&nbsp;<\/p>\n\n\n\n<p>Teresa de Jes\u00fas, Carmelita<\/p>\n","protected":false},"excerpt":{"rendered":"<p>Pax Christi Convento del Esp\u00edritu Santo,&nbsp;&nbsp;17 de febrero, 1920&nbsp; Mi siempre y tan querida Anita: Que la gracia del Esp\u00edritu Santo sea en tu alma&#8230;&nbsp; No necesito decirte que mi felicidad es cada d\u00eda mayor, pues teniendo las mismas aspiraciones, conoces que s\u00f3lo Dios nos basta para ser dichosas. Palpo a cada instante lo que [&hellip;]<\/p>\n","protected":false},"author":1,"featured_media":589,"comment_status":"closed","ping_status":"open","sticky":false,"template":"","format":"standard","meta":[],"categories":[18,4],"tags":[],"_links":{"self":[{"href":"https:\/\/santateresadelosandes.org\/index.php\/wp-json\/wp\/v2\/posts\/457"}],"collection":[{"href":"https:\/\/santateresadelosandes.org\/index.php\/wp-json\/wp\/v2\/posts"}],"about":[{"href":"https:\/\/santateresadelosandes.org\/index.php\/wp-json\/wp\/v2\/types\/post"}],"author":[{"embeddable":true,"href":"https:\/\/santateresadelosandes.org\/index.php\/wp-json\/wp\/v2\/users\/1"}],"replies":[{"embeddable":true,"href":"https:\/\/santateresadelosandes.org\/index.php\/wp-json\/wp\/v2\/comments?post=457"}],"version-history":[{"count":1,"href":"https:\/\/santateresadelosandes.org\/index.php\/wp-json\/wp\/v2\/posts\/457\/revisions"}],"predecessor-version":[{"id":458,"href":"https:\/\/santateresadelosandes.org\/index.php\/wp-json\/wp\/v2\/posts\/457\/revisions\/458"}],"wp:featuredmedia":[{"embeddable":true,"href":"https:\/\/santateresadelosandes.org\/index.php\/wp-json\/wp\/v2\/media\/589"}],"wp:attachment":[{"href":"https:\/\/santateresadelosandes.org\/index.php\/wp-json\/wp\/v2\/media?parent=457"}],"wp:term":[{"taxonomy":"category","embeddable":true,"href":"https:\/\/santateresadelosandes.org\/index.php\/wp-json\/wp\/v2\/categories?post=457"},{"taxonomy":"post_tag","embeddable":true,"href":"https:\/\/santateresadelosandes.org\/index.php\/wp-json\/wp\/v2\/tags?post=457"}],"curies":[{"name":"wp","href":"https:\/\/api.w.org\/{rel}","templated":true}]}}