{"id":52,"date":"2020-07-01T13:39:08","date_gmt":"2020-07-01T17:39:08","guid":{"rendered":"http:\/\/santateresadelosandes.org\/?p=52"},"modified":"2020-07-13T18:23:16","modified_gmt":"2020-07-13T22:23:16","slug":"11-en-el-internado-mi-vocacion-1915-1918","status":"publish","type":"post","link":"https:\/\/santateresadelosandes.org\/index.php\/2020\/07\/01\/11-en-el-internado-mi-vocacion-1915-1918\/","title":{"rendered":"11. En el internado. Mi vocaci\u00f3n\/ 1915-1918"},"content":{"rendered":"\n<p>En estas vacaciones fue cuando le escrib\u00ed a Ud., Madre, d\u00e1ndole a entender mi vocaci\u00f3n que Ud. adivin\u00f3.<\/p>\n\n\n\n<p>Nos vinimos en marzo y yo entr\u00e9 al colegio; pero Ud., Madre m\u00eda, ya estaba enferma. \u00a1Qu\u00e9 pena tuve y cu\u00e1nto rec\u00e9 por su mejor\u00eda! Pero el Se\u00f1or no quiso mejorarla y le hizo apurar el c\u00e1liz de amargura que hace tomar a los que El quiere. Se la llevaron a la Maestranza. \u00a1Qu\u00e9 dolor me caus\u00f3 esta separaci\u00f3n! Pero se la ofrec\u00ed junto con Ud. a Nuestro Se\u00f1or y, al verla tan valerosa, tan heroica, me llenaba de valor y me preguntaba: \u00bfAcaso no es Jes\u00fas su apoyo y no es El el que est\u00e1 para socorrerla?.<\/p>\n\n\n\n<p>Le escrib\u00ed una carta en que mostraba mi coraz\u00f3n, y a los pocos d\u00edas la fui a ver, sin figurarme que muy pronto yo estar\u00eda all\u00e1 tambi\u00e9n.<\/p>\n\n\n\n<p>En el semestre, mi mam\u00e1 nos comunic\u00f3 que entrar\u00edamos internas. Y a pesar de mi pena, no pude menos de agradec\u00e9rselo a Nuestro Se\u00f1or, que me preparaba el camino para estar m\u00e1s apartada de las cosas del mundo y me llamaba a vivir junto a El para que estuviera m\u00e1s acostumbrada a vivir separada de mi familia antes de entrar en el Carmelo. Lo que sufr\u00ed se puede ver por las l\u00edneas que escrib\u00eda todos los d\u00edas al acostarme, que son una especie de diario.<\/p>\n\n\n\n<p>Jueves, 2 de septiembre 1915. Hoy hace un mes dos d\u00edas que nos dijeron que entrar\u00edamos de internas.<\/p>\n\n\n\n<p>Yo creo que jam\u00e1s me acostumbrar\u00e9 a vivir lejos de mi familia: mi padre, mi madre, esos seres que quiero tanto. \u00a1Ah, si supieran c\u00f3mo sufro, se compadecer\u00edan! Sin embargo, me debo consolar. \u00bfAcaso vivir\u00e9 toda la vida sin separarme de ellos? As\u00ed lo quisiera yo: pagarles con mis cuidados lo que ellos han hecho por m\u00ed. Pero la voz de Dios manda m\u00e1s y yo debo seguir a Jes\u00fas al fin del mundo, si El lo quiere. En El encuentro todo. El solo ocupa mi pensamiento Y todo lo dem\u00e1s, fuera de El, es sombra, aflicci\u00f3n, y vanidad Por El lo dejar\u00e9 todo para irme a ocultar tras las rejas del Carmen, si es Su Voluntad, y vivir s\u00f3lo para El. \u00a1Qu\u00e9 dicha, qu\u00e9 placer! Es el Cielo en la tierra.<\/p>\n\n\n\n<p>Pero entre tanto, qu\u00e9 siglos son los a\u00f1os que se esperan para darle el dulc\u00edsimo nombre de Esposo. Qu\u00e9 tristes los d\u00edas de destierro. Pero El est\u00e1 junto a m\u00ed y me dice muy seguido: \u00abAmiga muy querida\u00bb. Esto me infunde \u00e1nimo y sigo esforz\u00e1ndome para hacerme un poco menos indigna del t\u00edtulo que llevar\u00e9. \u00a1Ah!, \u00bfd\u00f3nde ser\u00e1 el lugar donde celebraremos nuestros desposorios y el lugar donde viviremos unidos? Me ha dicho el Carmen. Pero cada vez que quiero mirarlo m\u00e1s de cerca, parece que El lo cubre con un velo para que nada vea, y sin esperanza me retiro triste y desolada. Veo que mi cuerpo no resistir\u00e1, y todos los que est\u00e1n al cabo me repiten: \u00abEs muy austera esa Orden y t\u00fa eres muy delicada\u00bb. Pero T\u00fa, Jes\u00fas, eres mi Amigo y como tal me proporcionas consuelo. Cuando sal\u00ed a la casa por el d\u00eda, me encontr\u00e9 [con] que la Madre Superiora del Carmen, sin conocerme, me hab\u00eda enviado un retrato de Teresita del Ni\u00f1o Jes\u00fas, con mi mam\u00e1; lo que me ha proporcionado mucho gusto. Me encomendar\u00e9 a Teresita para que me sane y pueda ser Carmelita. Pero no quiero sino que se cumpla la voluntad de Dios. El sabe mejor lo que me conviene. \u00a1Oh Jes\u00fas, te amo; te adoro con toda mi alma!<\/p>\n","protected":false},"excerpt":{"rendered":"<p>En estas vacaciones fue cuando le escrib\u00ed a Ud., Madre, d\u00e1ndole a entender mi vocaci\u00f3n que Ud. adivin\u00f3. Nos vinimos en marzo y yo entr\u00e9 al colegio; pero Ud., Madre m\u00eda, ya estaba enferma. \u00a1Qu\u00e9 pena tuve y cu\u00e1nto rec\u00e9 por su mejor\u00eda! Pero el Se\u00f1or no quiso mejorarla y le hizo apurar el c\u00e1liz [&hellip;]<\/p>\n","protected":false},"author":1,"featured_media":573,"comment_status":"closed","ping_status":"open","sticky":false,"template":"","format":"standard","meta":[],"categories":[9,2],"tags":[],"_links":{"self":[{"href":"https:\/\/santateresadelosandes.org\/index.php\/wp-json\/wp\/v2\/posts\/52"}],"collection":[{"href":"https:\/\/santateresadelosandes.org\/index.php\/wp-json\/wp\/v2\/posts"}],"about":[{"href":"https:\/\/santateresadelosandes.org\/index.php\/wp-json\/wp\/v2\/types\/post"}],"author":[{"embeddable":true,"href":"https:\/\/santateresadelosandes.org\/index.php\/wp-json\/wp\/v2\/users\/1"}],"replies":[{"embeddable":true,"href":"https:\/\/santateresadelosandes.org\/index.php\/wp-json\/wp\/v2\/comments?post=52"}],"version-history":[{"count":1,"href":"https:\/\/santateresadelosandes.org\/index.php\/wp-json\/wp\/v2\/posts\/52\/revisions"}],"predecessor-version":[{"id":53,"href":"https:\/\/santateresadelosandes.org\/index.php\/wp-json\/wp\/v2\/posts\/52\/revisions\/53"}],"wp:featuredmedia":[{"embeddable":true,"href":"https:\/\/santateresadelosandes.org\/index.php\/wp-json\/wp\/v2\/media\/573"}],"wp:attachment":[{"href":"https:\/\/santateresadelosandes.org\/index.php\/wp-json\/wp\/v2\/media?parent=52"}],"wp:term":[{"taxonomy":"category","embeddable":true,"href":"https:\/\/santateresadelosandes.org\/index.php\/wp-json\/wp\/v2\/categories?post=52"},{"taxonomy":"post_tag","embeddable":true,"href":"https:\/\/santateresadelosandes.org\/index.php\/wp-json\/wp\/v2\/tags?post=52"}],"curies":[{"name":"wp","href":"https:\/\/api.w.org\/{rel}","templated":true}]}}