{"id":58,"date":"2020-07-01T13:41:08","date_gmt":"2020-07-01T17:41:08","guid":{"rendered":"http:\/\/santateresadelosandes.org\/?p=58"},"modified":"2020-07-13T18:23:16","modified_gmt":"2020-07-13T22:23:16","slug":"14-vacaciones-de-septiembre-1915","status":"publish","type":"post","link":"https:\/\/santateresadelosandes.org\/index.php\/2020\/07\/01\/14-vacaciones-de-septiembre-1915\/","title":{"rendered":"14. Vacaciones de septiembre 1915"},"content":{"rendered":"\n<p>Martes 14 [9.1915]. Hoy es la fiesta de la Madre Izquierdo. Hemos tenido d\u00eda de recreo. Hemos pasado muy contentas. Jugamos a las escondidas y despu\u00e9s a las banderitas, y nosotras ganamos.<\/p>\n\n\n\n<p>Leyeron los concursos de ortograf\u00eda. Sal\u00ed primera. Cero falta, por casualidad. La Reverenda Madre nos dijo que nos adelant\u00e1ramos a recibir un santo, y cuando lo fui a recibir, la Madre R\u00edos se ri\u00f3 conmigo, lo que me agrad\u00f3 mucho.<\/p>\n\n\n\n<p>Salimos hoy. Estamos felices. Nos fuimos a confesar y despu\u00e9s a la Alameda. Pero me hallaba tan ajena a este paseo, pues pensaba que qui\u00e9n pensar\u00eda en El, y yo procuraba unirme lo m\u00e1s posible; as\u00ed gozaba.<\/p>\n\n\n\n<p>Vimos a Miguel que est\u00e1 haciendo la guardia, y hac\u00eda m\u00e1s de un mes que no lo ve\u00eda. Lo quiero tanto&#8230; Ha sido ascendido a cabo. Estoy muy contenta.<\/p>\n\n\n\n<p>Mi\u00e9rcoles [15.9.1915]. Hoy fui a misa. Despu\u00e9s, al centro con la Luc\u00eda. Y en la tarde fuimos a ver a la In\u00e9s y Mar\u00eda Salas. Despu\u00e9s vinieron las Zegers. M\u00e1s tarde fuimos a ver a las Salas Edwards, pues la Sylvia hab\u00eda sido operada de apendicitis. De ah\u00ed fui a ver a la Carmen de Castro, pero no la encontr\u00e9. S\u00f3lo, cuando nos ven\u00edamos, la vi un momento en la calle. Nos abrazamos. Est\u00e1bamos felices: tanto tiempo sin vernos&#8230; La quiero tanto. Es muy dije.<\/p>\n\n\n\n<p>Jueves 16 [9.1915]. Me encuentro en el campo. Llegamos a las cinco. Anduvimos por todas partes. \u00a1Qu\u00e9 felicidad!<\/p>\n\n\n\n<p>Viernes 17 [9.1915]. Salimos a caballo. Fuimos a ver a mi t\u00edo Francisco y a la Mar\u00eda C\u00e1ceres (sirviente muy antigua), y vimos tambi\u00e9n a Juan Luis Dom\u00ednguez, que es muy enfermo, pues le dan ataques. Pero aqu\u00ed, gracias a Dios, est\u00e1 mejor.<\/p>\n\n\n\n<p>S\u00e1bado 18 [9.1915]. Salimos temprano a caballo con mis primos. Nos divertimos mucho. Despu\u00e9s, a las 2, encumbramos volantines, juego que me gusta mucho.<\/p>\n\n\n\n<p>Domingo 19 [9.1915]. Tuvimos misa. Estuve muy distra\u00edda en ella, pues mis primos estaban en el presbiterio y nos miraban. Lo que me tentaba. Cantamos, pero no me envanec\u00ed por mi voz. Jes\u00fas me ayuda en esto a vencerme. Le doy gracias de todo coraz\u00f3n.<\/p>\n\n\n\n<p>Martes 21 [9.1915]. Hoy he tenido la dicha de comulgar. Me sent\u00eda tan unida a El, lo amaba tanto que me parec\u00eda estar en el cielo y he continuado en esta uni\u00f3n durante todo el d\u00eda. \u00a1Jes\u00fas m\u00edo, no te separes de m\u00ed!<\/p>\n\n\n\n<p>Viernes 24 [9.1915]. Hoy nos hemos venido al colegio. Siento desesperaci\u00f3n y unas ganas locas de llorar. A Ti, Jes\u00fas m\u00edo, te ofrezco esta pena; pues quiero sufrir para parecerme a Ti, Jes\u00fas, amor m\u00edo.<\/p>\n","protected":false},"excerpt":{"rendered":"<p>Martes 14 [9.1915]. Hoy es la fiesta de la Madre Izquierdo. Hemos tenido d\u00eda de recreo. Hemos pasado muy contentas. Jugamos a las escondidas y despu\u00e9s a las banderitas, y nosotras ganamos. Leyeron los concursos de ortograf\u00eda. Sal\u00ed primera. Cero falta, por casualidad. La Reverenda Madre nos dijo que nos adelant\u00e1ramos a recibir un santo, [&hellip;]<\/p>\n","protected":false},"author":1,"featured_media":573,"comment_status":"closed","ping_status":"open","sticky":false,"template":"","format":"standard","meta":[],"categories":[9,2],"tags":[],"_links":{"self":[{"href":"https:\/\/santateresadelosandes.org\/index.php\/wp-json\/wp\/v2\/posts\/58"}],"collection":[{"href":"https:\/\/santateresadelosandes.org\/index.php\/wp-json\/wp\/v2\/posts"}],"about":[{"href":"https:\/\/santateresadelosandes.org\/index.php\/wp-json\/wp\/v2\/types\/post"}],"author":[{"embeddable":true,"href":"https:\/\/santateresadelosandes.org\/index.php\/wp-json\/wp\/v2\/users\/1"}],"replies":[{"embeddable":true,"href":"https:\/\/santateresadelosandes.org\/index.php\/wp-json\/wp\/v2\/comments?post=58"}],"version-history":[{"count":1,"href":"https:\/\/santateresadelosandes.org\/index.php\/wp-json\/wp\/v2\/posts\/58\/revisions"}],"predecessor-version":[{"id":59,"href":"https:\/\/santateresadelosandes.org\/index.php\/wp-json\/wp\/v2\/posts\/58\/revisions\/59"}],"wp:featuredmedia":[{"embeddable":true,"href":"https:\/\/santateresadelosandes.org\/index.php\/wp-json\/wp\/v2\/media\/573"}],"wp:attachment":[{"href":"https:\/\/santateresadelosandes.org\/index.php\/wp-json\/wp\/v2\/media?parent=58"}],"wp:term":[{"taxonomy":"category","embeddable":true,"href":"https:\/\/santateresadelosandes.org\/index.php\/wp-json\/wp\/v2\/categories?post=58"},{"taxonomy":"post_tag","embeddable":true,"href":"https:\/\/santateresadelosandes.org\/index.php\/wp-json\/wp\/v2\/tags?post=58"}],"curies":[{"name":"wp","href":"https:\/\/api.w.org\/{rel}","templated":true}]}}