{"id":82,"date":"2020-07-01T13:56:28","date_gmt":"2020-07-01T17:56:28","guid":{"rendered":"http:\/\/santateresadelosandes.org\/?p=82"},"modified":"2020-07-13T18:22:42","modified_gmt":"2020-07-13T22:22:42","slug":"26-es-tan-rico-dar-amor-propio","status":"publish","type":"post","link":"https:\/\/santateresadelosandes.org\/index.php\/2020\/07\/01\/26-es-tan-rico-dar-amor-propio\/","title":{"rendered":"26. Es tan rico dar&#8230; Amor propio"},"content":{"rendered":"\n<p>Junio 30 [1917]. Anoche, llor\u00e9 al verlo en esa Cruz, enclavado por mi amor. \u00a1Qu\u00e9 bueno es El y yo qu\u00e9 ingrata he sido! Ma\u00f1ana voy a ejercer mi apostolado. Ojal\u00e1 N. Se\u00f1or y mi Madre me concedan un feliz \u00e9xito.<\/p>\n\n\n\n<p>Junt\u00e9 treinta pesos para mi d\u00eda. Voy a comprarle zapatos a Juanito y lo dem\u00e1s le dir\u00e9 a mi mam\u00e1 que me lo tenga para d\u00e1rselo a los pobres. Es tan rico darles. Le di mis zapatos a la mamita de Juanito.<\/p>\n\n\n\n<p>Martes, 3 de julio [1917]. Salimos ayer. Lo pasamos con chiquillas. Nos divertimos harto, aunque yo ten\u00eda bastante pena, pues veo que a la Rebeca le hacen bromas, y la Luc\u00eda sale con ella, y conmigo nada. Me gusta que la celebren; en fin, pero me gustar\u00eda que a m\u00ed tambi\u00e9n. Si a m\u00ed me alaban, yo la alabo a ella tambi\u00e9n.<\/p>\n\n\n\n<p>Adem\u00e1s, la Luc\u00eda convid\u00f3 a las monjas a la Rebeca, y a m\u00ed, nada. Y yo ten\u00eda bastantes ganas, pero me sacrifiqu\u00e9; pues Jes\u00fas me lo hab\u00eda pedido. Toqu\u00e9 el piano porque me lo pidieron. Toda la pena fue motivada por el amor propio que tengo. Me propondr\u00e9 matarlo de ra\u00edz. Que Jes\u00fas y Mar\u00eda me ayuden.<\/p>\n\n\n\n<p>Habl\u00e9 con la Carmen. Me cont\u00f3 que hab\u00eda estado con la M. Superiora y que hab\u00eda hablado de vocaci\u00f3n. Pero ella teme y, aunque le gustar\u00eda ser monja porque las encuentra muy felices, le da susto. Habl\u00e9 con el Padre acerca de eso. Dijo que quiz\u00e1s era mejor que viviera como una religiosa en su casa. Le dir\u00e9 cuando la vea.<\/p>\n\n\n\n<p>Mi\u00e9rcoles 4 [7.1917]. Hoy he tenido un d\u00eda perfecto y voy a ofrecerlo por las intenciones de la M. R\u00edos. Sacrifiqu\u00e9 mi visita al Sant\u00edsimo por repartir los libros. Me cost\u00f3; pero Jes\u00fas sab\u00eda que era imposible y que yo [lo] deseaba.<\/p>\n\n\n\n<p>El padre me dijo que hiciera la meditaci\u00f3n por la ma\u00f1ana, pero la Virgen no me ha despertado. Ma\u00f1ana voy a probar por \u00faltima vez. Madre m\u00eda, \u00bfpor qu\u00e9 no me oyes?, \u00bfest\u00e1s enojada, acaso, conmigo? T\u00fa sabes que te amo siempre. Oyeme y despi\u00e9rtame. Se me olvida la resoluci\u00f3n de la meditaci\u00f3n. Yo no s\u00e9 qu\u00e9 hacer.<\/p>\n","protected":false},"excerpt":{"rendered":"<p>Junio 30 [1917]. Anoche, llor\u00e9 al verlo en esa Cruz, enclavado por mi amor. \u00a1Qu\u00e9 bueno es El y yo qu\u00e9 ingrata he sido! Ma\u00f1ana voy a ejercer mi apostolado. Ojal\u00e1 N. Se\u00f1or y mi Madre me concedan un feliz \u00e9xito. Junt\u00e9 treinta pesos para mi d\u00eda. Voy a comprarle zapatos a Juanito y lo [&hellip;]<\/p>\n","protected":false},"author":1,"featured_media":571,"comment_status":"closed","ping_status":"open","sticky":false,"template":"","format":"standard","meta":[],"categories":[11,2],"tags":[],"_links":{"self":[{"href":"https:\/\/santateresadelosandes.org\/index.php\/wp-json\/wp\/v2\/posts\/82"}],"collection":[{"href":"https:\/\/santateresadelosandes.org\/index.php\/wp-json\/wp\/v2\/posts"}],"about":[{"href":"https:\/\/santateresadelosandes.org\/index.php\/wp-json\/wp\/v2\/types\/post"}],"author":[{"embeddable":true,"href":"https:\/\/santateresadelosandes.org\/index.php\/wp-json\/wp\/v2\/users\/1"}],"replies":[{"embeddable":true,"href":"https:\/\/santateresadelosandes.org\/index.php\/wp-json\/wp\/v2\/comments?post=82"}],"version-history":[{"count":1,"href":"https:\/\/santateresadelosandes.org\/index.php\/wp-json\/wp\/v2\/posts\/82\/revisions"}],"predecessor-version":[{"id":83,"href":"https:\/\/santateresadelosandes.org\/index.php\/wp-json\/wp\/v2\/posts\/82\/revisions\/83"}],"wp:featuredmedia":[{"embeddable":true,"href":"https:\/\/santateresadelosandes.org\/index.php\/wp-json\/wp\/v2\/media\/571"}],"wp:attachment":[{"href":"https:\/\/santateresadelosandes.org\/index.php\/wp-json\/wp\/v2\/media?parent=82"}],"wp:term":[{"taxonomy":"category","embeddable":true,"href":"https:\/\/santateresadelosandes.org\/index.php\/wp-json\/wp\/v2\/categories?post=82"},{"taxonomy":"post_tag","embeddable":true,"href":"https:\/\/santateresadelosandes.org\/index.php\/wp-json\/wp\/v2\/tags?post=82"}],"curies":[{"name":"wp","href":"https:\/\/api.w.org\/{rel}","templated":true}]}}