{"id":98,"date":"2020-07-01T14:12:36","date_gmt":"2020-07-01T18:12:36","guid":{"rendered":"http:\/\/santateresadelosandes.org\/?p=98"},"modified":"2021-10-13T11:08:21","modified_gmt":"2021-10-13T15:08:21","slug":"43-me-voy-del-colegio-resoluciones","status":"publish","type":"post","link":"https:\/\/santateresadelosandes.org\/index.php\/2020\/07\/01\/43-me-voy-del-colegio-resoluciones\/","title":{"rendered":"43. Me voy del Colegio. Resoluciones"},"content":{"rendered":"\n<p>He pasado d\u00edas de cielo. A cada paseo me iba a estar con El en la capillita, junto a El. Hemos hablado tanto&#8230; Sent\u00eda muchas dudas acerca de mi vocaci\u00f3n. Dudaba si ser carmelita, pero Jes\u00fas me dec\u00eda que esa era su voluntad.<\/p>\n\n\n\n<p>Me voy del colegio [12.8.1918]. Todo lo que sufro no es posible describirlo. \u00a1Oh Dios m\u00edo, c\u00f3mo todo pasa y concluye! Cu\u00e1nto nos apegamos a lo transitorio. No he llorado, pero el coraz\u00f3n lo tengo hecho jirones. He asistido a la apertura del semestre y al ver que ya no tendr\u00eda ning\u00fan cargo, sent\u00eda que se me destrozaba el coraz\u00f3n. Adi\u00f3s, Madres que me hab\u00e9is ense\u00f1ado el camino de la virtud, que me hab\u00e9is mostrado el camino de la dicha m\u00e1s cumplida aqu\u00ed en la tierra y el camino del Cielo. Adi\u00f3s, morada del Coraz\u00f3n de Jes\u00fas, donde tres a\u00f1os he vivido contigo. Adi\u00f3s, compa\u00f1eras tan queridas, adi\u00f3s. Vuestro cari\u00f1o quedar\u00e1 para siempre en ni memoria. Adi\u00f3s, adi\u00f3s [a] todo. Me voy con El. Lo sigo y soy feliz. No llorar\u00e9. Quiero ofrecer con generosidad el sacrificio a Dios. Todo por Ti, Jes\u00fas, hasta la muerte.<\/p>\n\n\n\n<p>Resoluciones para mi vida entera:<\/p>\n\n\n\n<p>1\u00aa No dejar\u00e9 jam\u00e1s mi meditaci\u00f3n, mi Comuni\u00f3n y misa.<\/p>\n\n\n\n<p>2\u00aa Har\u00e9 examen particular y rezar\u00e9 mis oraciones de la ma\u00f1ana y de la noche de rodillas.<\/p>\n\n\n\n<p>3\u00aa Har\u00e9 lectura espiritual y conservar\u00e9 en mi alma un recogimiento que me mantenga unida con Jes\u00fas y separada por completo del mundo.<\/p>\n\n\n\n<p>4\u00aa Tendr\u00e9 car\u00e1cter. Jam\u00e1s me dejar\u00e9 llevar por el sentimiento por el coraz\u00f3n, sino por la raz\u00f3n y mi conciencia.<\/p>\n\n\n\n<p>5\u00aa Cumplir\u00e9 la voluntad de Dios con alegr\u00eda, tanto en las penas como en las alegr\u00edas, sin demostrar jam\u00e1s en mi cara lo que pasa en el coraz\u00f3n. No llorar jam\u00e1s, teniendo presente lo de Santa Teresa: Es preciso tener coraz\u00f3n de hombre y no de mujer.<\/p>\n\n\n\n<p>6\u00aa No me dejar\u00e9 llevar jam\u00e1s del respeto humano, tanto en mi manera de conducirme como en mis palabras.<\/p>\n","protected":false},"excerpt":{"rendered":"<p>He pasado d\u00edas de cielo. A cada paseo me iba a estar con El en la capillita, junto a El. Hemos hablado tanto&#8230; Sent\u00eda muchas dudas acerca de mi vocaci\u00f3n. Dudaba si ser carmelita, pero Jes\u00fas me dec\u00eda que esa era su voluntad. Me voy del colegio [12.8.1918]. Todo lo que sufro no es posible [&hellip;]<\/p>\n","protected":false},"author":1,"featured_media":570,"comment_status":"closed","ping_status":"open","sticky":false,"template":"","format":"standard","meta":[],"categories":[12,2],"tags":[],"_links":{"self":[{"href":"https:\/\/santateresadelosandes.org\/index.php\/wp-json\/wp\/v2\/posts\/98"}],"collection":[{"href":"https:\/\/santateresadelosandes.org\/index.php\/wp-json\/wp\/v2\/posts"}],"about":[{"href":"https:\/\/santateresadelosandes.org\/index.php\/wp-json\/wp\/v2\/types\/post"}],"author":[{"embeddable":true,"href":"https:\/\/santateresadelosandes.org\/index.php\/wp-json\/wp\/v2\/users\/1"}],"replies":[{"embeddable":true,"href":"https:\/\/santateresadelosandes.org\/index.php\/wp-json\/wp\/v2\/comments?post=98"}],"version-history":[{"count":1,"href":"https:\/\/santateresadelosandes.org\/index.php\/wp-json\/wp\/v2\/posts\/98\/revisions"}],"predecessor-version":[{"id":99,"href":"https:\/\/santateresadelosandes.org\/index.php\/wp-json\/wp\/v2\/posts\/98\/revisions\/99"}],"wp:featuredmedia":[{"embeddable":true,"href":"https:\/\/santateresadelosandes.org\/index.php\/wp-json\/wp\/v2\/media\/570"}],"wp:attachment":[{"href":"https:\/\/santateresadelosandes.org\/index.php\/wp-json\/wp\/v2\/media?parent=98"}],"wp:term":[{"taxonomy":"category","embeddable":true,"href":"https:\/\/santateresadelosandes.org\/index.php\/wp-json\/wp\/v2\/categories?post=98"},{"taxonomy":"post_tag","embeddable":true,"href":"https:\/\/santateresadelosandes.org\/index.php\/wp-json\/wp\/v2\/tags?post=98"}],"curies":[{"name":"wp","href":"https:\/\/api.w.org\/{rel}","templated":true}]}}